{"id":12612,"date":"2026-01-13T21:09:33","date_gmt":"2026-01-13T20:09:33","guid":{"rendered":"https:\/\/www.salzburgeradventsingen.at\/uncategorized\/salzburg-advent-singing-2026\/"},"modified":"2026-04-29T18:23:55","modified_gmt":"2026-04-29T16:23:55","slug":"salzburg-advent-singing-2026","status":"publish","type":"post","link":"https:\/\/www.salzburgeradventsingen.at\/en\/productions\/salzburg-advent-singing-2026\/","title":{"rendered":"Salzburg Advent Singing 2026"},"content":{"rendered":"\t\t<div data-elementor-type=\"wp-post\" data-elementor-id=\"12612\" class=\"elementor elementor-12612 elementor-12162\" data-elementor-post-type=\"post\">\n\t\t\t\t\t\t<section class=\"elementor-section elementor-top-section elementor-element elementor-element-e2e324e elementor-section-content-middle elementor-section-boxed elementor-section-height-default elementor-section-height-default\" data-id=\"e2e324e\" data-element_type=\"section\" data-e-type=\"section\">\n\t\t\t\t\t\t<div class=\"elementor-container elementor-column-gap-no\">\n\t\t\t\t\t<div class=\"elementor-column elementor-col-33 elementor-top-column elementor-element elementor-element-6aae53d\" data-id=\"6aae53d\" data-element_type=\"column\" data-e-type=\"column\">\n\t\t\t<div class=\"elementor-widget-wrap\">\n\t\t\t\t\t\t\t<\/div>\n\t\t<\/div>\n\t\t\t\t<div class=\"elementor-column elementor-col-33 elementor-top-column elementor-element elementor-element-00432dd\" data-id=\"00432dd\" data-element_type=\"column\" data-e-type=\"column\">\n\t\t\t<div class=\"elementor-widget-wrap elementor-element-populated\">\n\t\t\t\t\t\t<div class=\"elementor-element elementor-element-5514965 elementor-widget-tablet__width-initial elementor-widget elementor-widget-spacer\" data-id=\"5514965\" data-element_type=\"widget\" data-e-type=\"widget\" data-widget_type=\"spacer.default\">\n\t\t\t\t<div class=\"elementor-widget-container\">\n\t\t\t\t\t\t\t<div class=\"elementor-spacer\">\n\t\t\t<div class=\"elementor-spacer-inner\"><\/div>\n\t\t<\/div>\n\t\t\t\t\t\t<\/div>\n\t\t\t\t<\/div>\n\t\t\t\t<div class=\"elementor-element elementor-element-3e5136d elementor-widget-tablet__width-initial elementor-widget__width-initial elementor-widget elementor-widget-image\" data-id=\"3e5136d\" data-element_type=\"widget\" data-e-type=\"widget\" data-widget_type=\"image.default\">\n\t\t\t\t<div class=\"elementor-widget-container\">\n\t\t\t\t\t\t\t\t\t\t\t\t\t\t\t<img fetchpriority=\"high\" decoding=\"async\" width=\"2000\" height=\"1125\" src=\"https:\/\/www.salzburgeradventsingen.at\/wp-content\/uploads\/2025\/12\/2026_Titel-und-Logo_dunkel-1.png\" class=\"attachment-full size-full wp-image-12174\" alt=\"\" srcset=\"https:\/\/www.salzburgeradventsingen.at\/wp-content\/uploads\/2025\/12\/2026_Titel-und-Logo_dunkel-1.png 2000w, https:\/\/www.salzburgeradventsingen.at\/wp-content\/uploads\/2025\/12\/2026_Titel-und-Logo_dunkel-1-300x169.png 300w, https:\/\/www.salzburgeradventsingen.at\/wp-content\/uploads\/2025\/12\/2026_Titel-und-Logo_dunkel-1-1024x576.png 1024w, https:\/\/www.salzburgeradventsingen.at\/wp-content\/uploads\/2025\/12\/2026_Titel-und-Logo_dunkel-1-768x432.png 768w, https:\/\/www.salzburgeradventsingen.at\/wp-content\/uploads\/2025\/12\/2026_Titel-und-Logo_dunkel-1-1536x864.png 1536w\" sizes=\"(max-width: 2000px) 100vw, 2000px\" loading=\"eager\" \/>\t\t\t\t\t\t\t\t\t\t\t\t\t\t\t<\/div>\n\t\t\t\t<\/div>\n\t\t\t\t<div class=\"elementor-element elementor-element-77e9535 elementor-widget elementor-widget-text-editor\" data-id=\"77e9535\" data-element_type=\"widget\" data-e-type=\"widget\" data-widget_type=\"text-editor.default\">\n\t\t\t\t<div class=\"elementor-widget-container\">\n\t\t\t\t\t\t\t\t\t<p>Scenic oratorio by Hans K\u00f6hl and Shane Woodborne<\/p>\n\t\t\t\t\t\t\t\t<\/div>\n\t\t\t\t<\/div>\n\t\t\t\t\t<\/div>\n\t\t<\/div>\n\t\t\t\t<div class=\"elementor-column elementor-col-33 elementor-top-column elementor-element elementor-element-8a87838\" data-id=\"8a87838\" data-element_type=\"column\" data-e-type=\"column\">\n\t\t\t<div class=\"elementor-widget-wrap\">\n\t\t\t\t\t\t\t<\/div>\n\t\t<\/div>\n\t\t\t\t\t<\/div>\n\t\t<\/section>\n\t\t\t\t<section class=\"elementor-section elementor-top-section elementor-element elementor-element-d1dec43 elementor-section-boxed elementor-section-height-default elementor-section-height-default\" data-id=\"d1dec43\" data-element_type=\"section\" data-e-type=\"section\">\n\t\t\t\t\t\t<div class=\"elementor-container elementor-column-gap-default\">\n\t\t\t\t\t<div class=\"elementor-column elementor-col-100 elementor-top-column elementor-element elementor-element-c64def8\" data-id=\"c64def8\" data-element_type=\"column\" data-e-type=\"column\">\n\t\t\t<div class=\"elementor-widget-wrap elementor-element-populated\">\n\t\t\t\t\t\t<div class=\"elementor-element elementor-element-c457e5b elementor-widget elementor-widget-spacer\" data-id=\"c457e5b\" data-element_type=\"widget\" data-e-type=\"widget\" data-widget_type=\"spacer.default\">\n\t\t\t\t<div class=\"elementor-widget-container\">\n\t\t\t\t\t\t\t<div class=\"elementor-spacer\">\n\t\t\t<div class=\"elementor-spacer-inner\"><\/div>\n\t\t<\/div>\n\t\t\t\t\t\t<\/div>\n\t\t\t\t<\/div>\n\t\t\t\t<div class=\"elementor-element elementor-element-3c96780 elementor-widget elementor-widget-heading\" data-id=\"3c96780\" data-element_type=\"widget\" data-e-type=\"widget\" data-widget_type=\"heading.default\">\n\t\t\t\t<div class=\"elementor-widget-container\">\n\t\t\t\t\t<h2 class=\"elementor-heading-title elementor-size-default\">Dates<\/h2>\t\t\t\t<\/div>\n\t\t\t\t<\/div>\n\t\t\t\t\t<\/div>\n\t\t<\/div>\n\t\t\t\t\t<\/div>\n\t\t<\/section>\n\t\t\t\t<section class=\"elementor-section elementor-top-section elementor-element elementor-element-90a02a0 elementor-section-boxed elementor-section-height-default elementor-section-height-default\" data-id=\"90a02a0\" data-element_type=\"section\" data-e-type=\"section\">\n\t\t\t\t\t\t<div class=\"elementor-container elementor-column-gap-default\">\n\t\t\t\t\t<div class=\"elementor-column elementor-col-50 elementor-top-column elementor-element elementor-element-d8a0dc7\" data-id=\"d8a0dc7\" data-element_type=\"column\" data-e-type=\"column\" data-settings=\"{&quot;background_background&quot;:&quot;classic&quot;}\">\n\t\t\t<div class=\"elementor-widget-wrap elementor-element-populated\">\n\t\t\t\t\t\t<div class=\"elementor-element elementor-element-d6ef3d4 elementor-widget elementor-widget-text-editor\" data-id=\"d6ef3d4\" data-element_type=\"widget\" data-e-type=\"widget\" data-widget_type=\"text-editor.default\">\n\t\t\t\t<div class=\"elementor-widget-container\">\n\t\t\t\t\t\t\t\t\t<p><strong>1st Advent weekend<\/strong><br \/>Fri, Nov. 27, 7:30 p.m. Premiere<br \/>Sat, Nov. 28, 2:00 p.m.\/5:30 p.m.<br \/>Sun, Nov. 29, 2:00 p.m.\/5:30 p.m.<\/p>\n<p><strong>Second weekend of Advent<\/strong><br \/>Sat, Dec. 5, 2:00 p.m.\/5:30 p.m.<br \/>Sun, Dec. 6, 2:00 p.m.\/5:30 p.m.<br \/>Tue, Dec. 8, 2:00 p.m.<\/p>\n\t\t\t\t\t\t\t\t<\/div>\n\t\t\t\t<\/div>\n\t\t\t\t\t<\/div>\n\t\t<\/div>\n\t\t\t\t<div class=\"elementor-column elementor-col-50 elementor-top-column elementor-element elementor-element-8095427\" data-id=\"8095427\" data-element_type=\"column\" data-e-type=\"column\" data-settings=\"{&quot;background_background&quot;:&quot;classic&quot;}\">\n\t\t\t<div class=\"elementor-widget-wrap elementor-element-populated\">\n\t\t\t\t\t\t<div class=\"elementor-element elementor-element-3a8421f elementor-widget elementor-widget-text-editor\" data-id=\"3a8421f\" data-element_type=\"widget\" data-e-type=\"widget\" data-widget_type=\"text-editor.default\">\n\t\t\t\t<div class=\"elementor-widget-container\">\n\t\t\t\t\t\t\t\t\t<p><strong>3rd Advent weekend<\/strong><br \/>Sat, Dec. 12, 2:00 p.m.\/5:30 p.m.<br \/>Sun, Dec. 13, 2:00 p.m.<\/p>\n<p>Duration of the performance:<br \/>approx. 1 hour 40 minutes, no intermission<\/p>\n\t\t\t\t\t\t\t\t<\/div>\n\t\t\t\t<\/div>\n\t\t\t\t<div class=\"elementor-element elementor-element-76d7fa5 elementor-align-start elementor-icon-list--layout-traditional elementor-list-item-link-full_width elementor-widget elementor-widget-icon-list\" data-id=\"76d7fa5\" data-element_type=\"widget\" data-e-type=\"widget\" data-widget_type=\"icon-list.default\">\n\t\t\t\t<div class=\"elementor-widget-container\">\n\t\t\t\t\t\t\t<ul class=\"elementor-icon-list-items\">\n\t\t\t\t\t\t\t<li class=\"elementor-icon-list-item\">\n\t\t\t\t\t\t\t\t\t\t\t<a href=\"https:\/\/www.salzburgeradventsingen.at\/wp-content\/uploads\/2025\/12\/2026-Kurzinfo.pdf\">\n\n\t\t\t\t\t\t\t\t\t\t\t\t<span class=\"elementor-icon-list-icon\">\n\t\t\t\t\t\t\t<svg xmlns=\"http:\/\/www.w3.org\/2000\/svg\" width=\"10.664\" height=\"18.467\" viewBox=\"0 0 10.664 18.467\"><g transform=\"translate(10.664) rotate(90)\"><path d=\"M1.229,5.7c.9.995,1.566.919,2.173-.251a4.779,4.779,0,0,0,.318-3.99C3.407.6,2.876-.079,1.886.007A1.971,1.971,0,0,0,.048,1.889,4.541,4.541,0,0,0,1.229,5.7Z\" transform=\"translate(7.054 0)\" fill=\"#fff\"><\/path><path d=\"M5.4.936A21.381,21.381,0,0,0,1.514,0C1.018-.029.241.745.028,1.317A1.827,1.827,0,0,0,.783,2.886,4.917,4.917,0,0,0,5.39,3C5.614,2.9,5.412,1.837,5.4.936Z\" transform=\"translate(0 6.876)\" fill=\"#fff\"><\/path><path d=\"M3.559,3.568C5.144,2.19,5.581,1.109,4.961.546A2.063,2.063,0,0,0,2.087.635,9.407,9.407,0,0,0,.262,2.36,1.609,1.609,0,0,0,.108,3.8a1.526,1.526,0,0,0,1.318.528A12.262,12.262,0,0,0,3.559,3.568Z\" transform=\"translate(13.235 6.32)\" fill=\"#fff\"><\/path><\/g><\/svg>\t\t\t\t\t\t<\/span>\n\t\t\t\t\t\t\t\t\t\t<span class=\"elementor-icon-list-text\">Brief information 2026<\/span>\n\t\t\t\t\t\t\t\t\t\t\t<\/a>\n\t\t\t\t\t\t\t\t\t<\/li>\n\t\t\t\t\t\t\t\t<li class=\"elementor-icon-list-item\">\n\t\t\t\t\t\t\t\t\t\t\t<a href=\"https:\/\/www.salzburgeradventsingen.at\/wp-content\/uploads\/2025\/12\/SAALPLAN_2026.pdf\" target=\"_blank\">\n\n\t\t\t\t\t\t\t\t\t\t\t\t<span class=\"elementor-icon-list-icon\">\n\t\t\t\t\t\t\t<svg xmlns=\"http:\/\/www.w3.org\/2000\/svg\" width=\"10.664\" height=\"18.467\" viewBox=\"0 0 10.664 18.467\"><g transform=\"translate(10.664) rotate(90)\"><path d=\"M1.229,5.7c.9.995,1.566.919,2.173-.251a4.779,4.779,0,0,0,.318-3.99C3.407.6,2.876-.079,1.886.007A1.971,1.971,0,0,0,.048,1.889,4.541,4.541,0,0,0,1.229,5.7Z\" transform=\"translate(7.054 0)\" fill=\"#fff\"><\/path><path d=\"M5.4.936A21.381,21.381,0,0,0,1.514,0C1.018-.029.241.745.028,1.317A1.827,1.827,0,0,0,.783,2.886,4.917,4.917,0,0,0,5.39,3C5.614,2.9,5.412,1.837,5.4.936Z\" transform=\"translate(0 6.876)\" fill=\"#fff\"><\/path><path d=\"M3.559,3.568C5.144,2.19,5.581,1.109,4.961.546A2.063,2.063,0,0,0,2.087.635,9.407,9.407,0,0,0,.262,2.36,1.609,1.609,0,0,0,.108,3.8a1.526,1.526,0,0,0,1.318.528A12.262,12.262,0,0,0,3.559,3.568Z\" transform=\"translate(13.235 6.32)\" fill=\"#fff\"><\/path><\/g><\/svg>\t\t\t\t\t\t<\/span>\n\t\t\t\t\t\t\t\t\t\t<span class=\"elementor-icon-list-text\">Room plan  <\/span>\n\t\t\t\t\t\t\t\t\t\t\t<\/a>\n\t\t\t\t\t\t\t\t\t<\/li>\n\t\t\t\t\t\t<\/ul>\n\t\t\t\t\t\t<\/div>\n\t\t\t\t<\/div>\n\t\t\t\t\t<\/div>\n\t\t<\/div>\n\t\t\t\t\t<\/div>\n\t\t<\/section>\n\t\t\t\t<section class=\"elementor-section elementor-top-section elementor-element elementor-element-e72cc96 elementor-section-content-middle elementor-reverse-mobile elementor-section-boxed elementor-section-height-default elementor-section-height-default\" data-id=\"e72cc96\" data-element_type=\"section\" data-e-type=\"section\">\n\t\t\t\t\t\t<div class=\"elementor-container elementor-column-gap-wider\">\n\t\t\t\t\t<div class=\"elementor-column elementor-col-50 elementor-top-column elementor-element elementor-element-076e83e\" data-id=\"076e83e\" data-element_type=\"column\" data-e-type=\"column\">\n\t\t\t<div class=\"elementor-widget-wrap elementor-element-populated\">\n\t\t\t\t\t\t<div class=\"elementor-element elementor-element-cd304f2 elementor-widget elementor-widget-heading\" data-id=\"cd304f2\" data-element_type=\"widget\" data-e-type=\"widget\" data-widget_type=\"heading.default\">\n\t\t\t\t<div class=\"elementor-widget-container\">\n\t\t\t\t\t<h4 class=\"elementor-heading-title elementor-size-default\">Thoughts on the Salzburg Advent Singing<\/h4>\t\t\t\t<\/div>\n\t\t\t\t<\/div>\n\t\t\t\t<div class=\"elementor-element elementor-element-fd26f56 elementor-widget elementor-widget-text-editor\" data-id=\"fd26f56\" data-element_type=\"widget\" data-e-type=\"widget\" data-widget_type=\"text-editor.default\">\n\t\t\t\t<div class=\"elementor-widget-container\">\n\t\t\t\t\t\t\t\t\t<p>The miracle of birth is one of the great mysteries of this world \u2013 and it is surely a happy coincidence that two mystery plays enjoy great popularity in Salzburg, the \u201cRome of the North\u201d: in summer, \u201cJedermann\u201d on Cathedral Square with the mystery of death, and in winter, \u201cAdventsingen\u201d in the Festival Hall with the mystery of birth \u2013 the universal sign of hope and confidence.<\/p>\n<p>This anniversary work brings my 27 years as artistic director of the Salzburg Advent Singing full circle. Infinitely grateful and inspired to be able to serve this unique cultural experience, this anniversary Advent Singing will reflect the essence of what has become particularly valuable to me over the years. Traditions lived over many years and the shepherds&#8217; playing of familiar songs and melodies will once again play a central role in connection with the events surrounding Mary and Joseph. In my efforts to continually explore new territory in this subject matter, however, my curiosity grew about the diversity of the world&#8217;s religions and the search for the \u201cgreat mystery\u201d that is inherent in all of us. The mystery of this divine spark will be given special consideration this time.<\/p>\n<p>In addition to folk music, musical gems will include works by four composers who have had a significant influence on the Salzburg Advent Singing over the decades. This new scenic oratorio is intended to be a heartfelt but also thought-provoking Advent singing worthy of the anniversary, harmoniously blending in with the large number of previous productions.<\/p>\n<p>Hans K\u00f6hl<br \/>Artistic director, script, program<\/p>\n\t\t\t\t\t\t\t\t<\/div>\n\t\t\t\t<\/div>\n\t\t\t\t\t<\/div>\n\t\t<\/div>\n\t\t\t\t<div class=\"elementor-column elementor-col-50 elementor-top-column elementor-element elementor-element-25b0ae6\" data-id=\"25b0ae6\" data-element_type=\"column\" data-e-type=\"column\">\n\t\t\t<div class=\"elementor-widget-wrap elementor-element-populated\">\n\t\t\t\t\t\t<div class=\"elementor-element elementor-element-9d0a2c3 elementor-widget elementor-widget-image\" data-id=\"9d0a2c3\" data-element_type=\"widget\" data-e-type=\"widget\" data-widget_type=\"image.default\">\n\t\t\t\t<div class=\"elementor-widget-container\">\n\t\t\t\t\t\t\t\t\t\t\t\t\t\t\t<img decoding=\"async\" width=\"2560\" height=\"1707\" src=\"https:\/\/www.salzburgeradventsingen.at\/wp-content\/uploads\/2024\/12\/Adventsingen20241122307-1-scaled-e1734004480713.jpeg\" class=\"attachment-full size-full wp-image-10886\" alt=\"\" loading=\"eager\" \/>\t\t\t\t\t\t\t\t\t\t\t\t\t\t\t<\/div>\n\t\t\t\t<\/div>\n\t\t\t\t\t<\/div>\n\t\t<\/div>\n\t\t\t\t\t<\/div>\n\t\t<\/section>\n\t\t\t\t<section class=\"elementor-section elementor-top-section elementor-element elementor-element-eb09e88 elementor-section-boxed elementor-section-height-default elementor-section-height-default\" data-id=\"eb09e88\" data-element_type=\"section\" data-e-type=\"section\" data-settings=\"{&quot;background_background&quot;:&quot;slideshow&quot;,&quot;background_slideshow_gallery&quot;:[],&quot;background_slideshow_loop&quot;:&quot;yes&quot;,&quot;background_slideshow_slide_duration&quot;:5000,&quot;background_slideshow_slide_transition&quot;:&quot;fade&quot;,&quot;background_slideshow_transition_duration&quot;:500}\">\n\t\t\t\t\t\t<div class=\"elementor-container elementor-column-gap-default\">\n\t\t\t\t\t<div class=\"elementor-column elementor-col-100 elementor-top-column elementor-element elementor-element-142a710\" data-id=\"142a710\" data-element_type=\"column\" data-e-type=\"column\">\n\t\t\t<div class=\"elementor-widget-wrap elementor-element-populated\">\n\t\t\t\t\t\t<div class=\"elementor-element elementor-element-00286bf elementor-widget elementor-widget-image\" data-id=\"00286bf\" data-element_type=\"widget\" data-e-type=\"widget\" data-widget_type=\"image.default\">\n\t\t\t\t<div class=\"elementor-widget-container\">\n\t\t\t\t\t\t\t\t\t\t\t\t\t\t\t<img decoding=\"async\" width=\"800\" height=\"252\" src=\"https:\/\/www.salzburgeradventsingen.at\/wp-content\/uploads\/2025\/12\/Buehnenbild-1024x323.jpg\" class=\"attachment-large size-large wp-image-12197\" alt=\"\" srcset=\"https:\/\/www.salzburgeradventsingen.at\/wp-content\/uploads\/2025\/12\/Buehnenbild-1024x323.jpg 1024w, https:\/\/www.salzburgeradventsingen.at\/wp-content\/uploads\/2025\/12\/Buehnenbild-300x95.jpg 300w, https:\/\/www.salzburgeradventsingen.at\/wp-content\/uploads\/2025\/12\/Buehnenbild-768x242.jpg 768w, https:\/\/www.salzburgeradventsingen.at\/wp-content\/uploads\/2025\/12\/Buehnenbild.jpg 1262w\" sizes=\"(max-width: 800px) 100vw, 800px\" loading=\"eager\" \/>\t\t\t\t\t\t\t\t\t\t\t\t\t\t\t<\/div>\n\t\t\t\t<\/div>\n\t\t\t\t\t<\/div>\n\t\t<\/div>\n\t\t\t\t\t<\/div>\n\t\t<\/section>\n\t\t\t\t<section class=\"elementor-section elementor-top-section elementor-element elementor-element-2d869b6 elementor-section-content-middle elementor-section-boxed elementor-section-height-default elementor-section-height-default\" data-id=\"2d869b6\" data-element_type=\"section\" data-e-type=\"section\">\n\t\t\t\t\t\t<div class=\"elementor-container elementor-column-gap-no\">\n\t\t\t\t\t<div class=\"elementor-column elementor-col-100 elementor-top-column elementor-element elementor-element-b2342bd\" data-id=\"b2342bd\" data-element_type=\"column\" data-e-type=\"column\">\n\t\t\t<div class=\"elementor-widget-wrap elementor-element-populated\">\n\t\t\t\t\t\t<div class=\"elementor-element elementor-element-4a8554e elementor-widget elementor-widget-spacer\" data-id=\"4a8554e\" data-element_type=\"widget\" data-e-type=\"widget\" data-widget_type=\"spacer.default\">\n\t\t\t\t<div class=\"elementor-widget-container\">\n\t\t\t\t\t\t\t<div class=\"elementor-spacer\">\n\t\t\t<div class=\"elementor-spacer-inner\"><\/div>\n\t\t<\/div>\n\t\t\t\t\t\t<\/div>\n\t\t\t\t<\/div>\n\t\t\t\t<div class=\"elementor-element elementor-element-e605624 elementor-widget elementor-widget-heading\" data-id=\"e605624\" data-element_type=\"widget\" data-e-type=\"widget\" data-widget_type=\"heading.default\">\n\t\t\t\t<div class=\"elementor-widget-container\">\n\t\t\t\t\t<h4 class=\"elementor-heading-title elementor-size-default\">2026<\/h4>\t\t\t\t<\/div>\n\t\t\t\t<\/div>\n\t\t\t\t<div class=\"elementor-element elementor-element-230f0d1 elementor-widget elementor-widget-heading\" data-id=\"230f0d1\" data-element_type=\"widget\" data-e-type=\"widget\" data-widget_type=\"heading.default\">\n\t\t\t\t<div class=\"elementor-widget-container\">\n\t\t\t\t\t<h3 class=\"elementor-heading-title elementor-size-default\">80 years of Salzburg Advent Singing<\/h3>\t\t\t\t<\/div>\n\t\t\t\t<\/div>\n\t\t\t\t<div class=\"elementor-element elementor-element-cae616c elementor-widget elementor-widget-text-editor\" data-id=\"cae616c\" data-element_type=\"widget\" data-e-type=\"widget\" data-widget_type=\"text-editor.default\">\n\t\t\t\t<div class=\"elementor-widget-container\">\n\t\t\t\t\t\t\t\t\t<p>It began in 1946 as a modest folk culture memorial service for friends who longed for a better, more peaceful world, and under its founder, Tobi Reiser Sr., it developed into the Salzburg Advent Singing\u2014the nucleus and great example for numerous \u201cAdvent Singings\u201d throughout the German-speaking world.<\/p>\n<p>The venues in the archbishop&#8217;s residence and in the auditorium of the University of Salzburg quickly became too small, so in 1960 Tobi Reiser took the plunge and moved to the newly built Gro\u00dfes Festspielhaus. His successor, Tobias Reiser the Younger, continued to develop this responsible legacy with great success from 1974 onwards, giving the Advent Singing in the Great Festival Hall a new, artistically sophisticated profile until his death in 1999.<\/p>\n<p>The successful path of cautious but steady development has continued since 2000 under the artistic direction of Hans K\u00f6hl. The traditional event has developed into a socially relevant, now internationally sought-after major cultural event.<\/p>\n<p>From the very beginning, this peace project has resonated with the central message of peace to all people of good will. Interwoven with the Advent mystery of the Nativity, familiar sounds, and contemporary approaches, the productions become unique experiences. Around 34,000 visitors flock here every year\u2014a total of over two million guests since its inception. At the anniversary Advent Singing in 2026, the curtain will rise on<\/p>\n\t\t\t\t\t\t\t\t<\/div>\n\t\t\t\t<\/div>\n\t\t\t\t\t<\/div>\n\t\t<\/div>\n\t\t\t\t\t<\/div>\n\t\t<\/section>\n\t\t\t\t<section class=\"elementor-section elementor-top-section elementor-element elementor-element-8f1719d elementor-section-boxed elementor-section-height-default elementor-section-height-default\" data-id=\"8f1719d\" data-element_type=\"section\" data-e-type=\"section\">\n\t\t\t\t\t\t<div class=\"elementor-container elementor-column-gap-default\">\n\t\t\t\t\t<div class=\"elementor-column elementor-col-50 elementor-top-column elementor-element elementor-element-89b8584\" data-id=\"89b8584\" data-element_type=\"column\" data-e-type=\"column\">\n\t\t\t<div class=\"elementor-widget-wrap elementor-element-populated\">\n\t\t\t\t\t\t<div class=\"elementor-element elementor-element-77e0f08 elementor-widget elementor-widget-image\" data-id=\"77e0f08\" data-element_type=\"widget\" data-e-type=\"widget\" data-widget_type=\"image.default\">\n\t\t\t\t<div class=\"elementor-widget-container\">\n\t\t\t\t\t\t\t\t\t\t\t\t\t\t\t<img decoding=\"async\" width=\"800\" height=\"992\" src=\"https:\/\/www.salzburgeradventsingen.at\/wp-content\/uploads\/2025\/12\/Hirtenkinder-damals-826x1024.jpg\" class=\"attachment-large size-large wp-image-12282\" alt=\"\" srcset=\"https:\/\/www.salzburgeradventsingen.at\/wp-content\/uploads\/2025\/12\/Hirtenkinder-damals-826x1024.jpg 826w, https:\/\/www.salzburgeradventsingen.at\/wp-content\/uploads\/2025\/12\/Hirtenkinder-damals-242x300.jpg 242w, https:\/\/www.salzburgeradventsingen.at\/wp-content\/uploads\/2025\/12\/Hirtenkinder-damals-768x952.jpg 768w, https:\/\/www.salzburgeradventsingen.at\/wp-content\/uploads\/2025\/12\/Hirtenkinder-damals-1240x1536.jpg 1240w, https:\/\/www.salzburgeradventsingen.at\/wp-content\/uploads\/2025\/12\/Hirtenkinder-damals-1653x2048.jpg 1653w, https:\/\/www.salzburgeradventsingen.at\/wp-content\/uploads\/2025\/12\/Hirtenkinder-damals.jpg 2000w\" sizes=\"(max-width: 800px) 100vw, 800px\" loading=\"eager\" \/>\t\t\t\t\t\t\t\t\t\t\t\t\t\t\t<\/div>\n\t\t\t\t<\/div>\n\t\t\t\t\t<\/div>\n\t\t<\/div>\n\t\t\t\t<div class=\"elementor-column elementor-col-50 elementor-top-column elementor-element elementor-element-6799c43\" data-id=\"6799c43\" data-element_type=\"column\" data-e-type=\"column\">\n\t\t\t<div class=\"elementor-widget-wrap elementor-element-populated\">\n\t\t\t\t\t\t<div class=\"elementor-element elementor-element-9ce7bd0 elementor-widget elementor-widget-image\" data-id=\"9ce7bd0\" data-element_type=\"widget\" data-e-type=\"widget\" data-widget_type=\"image.default\">\n\t\t\t\t<div class=\"elementor-widget-container\">\n\t\t\t\t\t\t\t\t\t\t\t\t\t\t\t<img decoding=\"async\" width=\"800\" height=\"992\" src=\"https:\/\/www.salzburgeradventsingen.at\/wp-content\/uploads\/2025\/12\/Hirtenkinder-jetzt-zugeschnitten-826x1024.jpg\" class=\"attachment-large size-large wp-image-12295\" alt=\"\" srcset=\"https:\/\/www.salzburgeradventsingen.at\/wp-content\/uploads\/2025\/12\/Hirtenkinder-jetzt-zugeschnitten-826x1024.jpg 826w, https:\/\/www.salzburgeradventsingen.at\/wp-content\/uploads\/2025\/12\/Hirtenkinder-jetzt-zugeschnitten-242x300.jpg 242w, https:\/\/www.salzburgeradventsingen.at\/wp-content\/uploads\/2025\/12\/Hirtenkinder-jetzt-zugeschnitten-768x952.jpg 768w, https:\/\/www.salzburgeradventsingen.at\/wp-content\/uploads\/2025\/12\/Hirtenkinder-jetzt-zugeschnitten-1240x1536.jpg 1240w, https:\/\/www.salzburgeradventsingen.at\/wp-content\/uploads\/2025\/12\/Hirtenkinder-jetzt-zugeschnitten-1653x2048.jpg 1653w, https:\/\/www.salzburgeradventsingen.at\/wp-content\/uploads\/2025\/12\/Hirtenkinder-jetzt-zugeschnitten.jpg 2000w\" sizes=\"(max-width: 800px) 100vw, 800px\" loading=\"eager\" \/>\t\t\t\t\t\t\t\t\t\t\t\t\t\t\t<\/div>\n\t\t\t\t<\/div>\n\t\t\t\t\t<\/div>\n\t\t<\/div>\n\t\t\t\t\t<\/div>\n\t\t<\/section>\n\t\t\t\t<section class=\"elementor-section elementor-top-section elementor-element elementor-element-d3413db elementor-section-content-middle elementor-reverse-mobile elementor-section-boxed elementor-section-height-default elementor-section-height-default\" data-id=\"d3413db\" data-element_type=\"section\" data-e-type=\"section\">\n\t\t\t\t\t\t<div class=\"elementor-container elementor-column-gap-wider\">\n\t\t\t\t\t<div class=\"elementor-column elementor-col-50 elementor-top-column elementor-element elementor-element-8023674\" data-id=\"8023674\" data-element_type=\"column\" data-e-type=\"column\">\n\t\t\t<div class=\"elementor-widget-wrap elementor-element-populated\">\n\t\t\t\t\t\t<div class=\"elementor-element elementor-element-6d13076 elementor-widget elementor-widget-image\" data-id=\"6d13076\" data-element_type=\"widget\" data-e-type=\"widget\" data-widget_type=\"image.default\">\n\t\t\t\t<div class=\"elementor-widget-container\">\n\t\t\t\t\t\t\t\t\t\t\t\t\t\t\t<img decoding=\"async\" width=\"2560\" height=\"1526\" src=\"https:\/\/www.salzburgeradventsingen.at\/wp-content\/uploads\/2025\/12\/MARIAJOSEF_schoretusche_wickler_version-1.jpg\" class=\"attachment-full size-full wp-image-12303\" alt=\"\" srcset=\"https:\/\/www.salzburgeradventsingen.at\/wp-content\/uploads\/2025\/12\/MARIAJOSEF_schoretusche_wickler_version-1.jpg 2560w, https:\/\/www.salzburgeradventsingen.at\/wp-content\/uploads\/2025\/12\/MARIAJOSEF_schoretusche_wickler_version-1-300x179.jpg 300w, https:\/\/www.salzburgeradventsingen.at\/wp-content\/uploads\/2025\/12\/MARIAJOSEF_schoretusche_wickler_version-1-1024x610.jpg 1024w, https:\/\/www.salzburgeradventsingen.at\/wp-content\/uploads\/2025\/12\/MARIAJOSEF_schoretusche_wickler_version-1-768x458.jpg 768w, https:\/\/www.salzburgeradventsingen.at\/wp-content\/uploads\/2025\/12\/MARIAJOSEF_schoretusche_wickler_version-1-1536x916.jpg 1536w, https:\/\/www.salzburgeradventsingen.at\/wp-content\/uploads\/2025\/12\/MARIAJOSEF_schoretusche_wickler_version-1-2048x1221.jpg 2048w\" sizes=\"(max-width: 2560px) 100vw, 2560px\" loading=\"eager\" \/>\t\t\t\t\t\t\t\t\t\t\t\t\t\t\t<\/div>\n\t\t\t\t<\/div>\n\t\t\t\t\t<\/div>\n\t\t<\/div>\n\t\t\t\t<div class=\"elementor-column elementor-col-50 elementor-top-column elementor-element elementor-element-697bc67\" data-id=\"697bc67\" data-element_type=\"column\" data-e-type=\"column\">\n\t\t\t<div class=\"elementor-widget-wrap elementor-element-populated\">\n\t\t\t\t\t\t<div class=\"elementor-element elementor-element-7e4efb8 elementor-widget elementor-widget-heading\" data-id=\"7e4efb8\" data-element_type=\"widget\" data-e-type=\"widget\" data-widget_type=\"heading.default\">\n\t\t\t\t<div class=\"elementor-widget-container\">\n\t\t\t\t\t<h4 class=\"elementor-heading-title elementor-size-default\">The most beautiful story in the world<\/h4>\t\t\t\t<\/div>\n\t\t\t\t<\/div>\n\t\t\t\t<div class=\"elementor-element elementor-element-5809609 elementor-widget elementor-widget-text-editor\" data-id=\"5809609\" data-element_type=\"widget\" data-e-type=\"widget\" data-widget_type=\"text-editor.default\">\n\t\t\t\t<div class=\"elementor-widget-container\">\n\t\t\t\t\t\t\t\t\t<p>This most beautiful story in the world opens up new universal perspectives for believers and visitors who are not deeply religious, reflecting socially relevant spiritual messages. In these turbulent times, the Salzburg Advent Singing strives to convey hope and confidence with messages that touch the heart.<\/p>\n\t\t\t\t\t\t\t\t<\/div>\n\t\t\t\t<\/div>\n\t\t\t\t\t<\/div>\n\t\t<\/div>\n\t\t\t\t\t<\/div>\n\t\t<\/section>\n\t\t\t\t<section class=\"elementor-section elementor-top-section elementor-element elementor-element-4b49d4d elementor-section-content-middle elementor-reverse-mobile elementor-section-boxed elementor-section-height-default elementor-section-height-default\" data-id=\"4b49d4d\" data-element_type=\"section\" data-e-type=\"section\">\n\t\t\t\t\t\t<div class=\"elementor-container elementor-column-gap-wider\">\n\t\t\t\t\t<div class=\"elementor-column elementor-col-50 elementor-top-column elementor-element elementor-element-8097570\" data-id=\"8097570\" data-element_type=\"column\" data-e-type=\"column\">\n\t\t\t<div class=\"elementor-widget-wrap elementor-element-populated\">\n\t\t\t\t\t\t<div class=\"elementor-element elementor-element-9f13e0f elementor-widget elementor-widget-heading\" data-id=\"9f13e0f\" data-element_type=\"widget\" data-e-type=\"widget\" data-widget_type=\"heading.default\">\n\t\t\t\t<div class=\"elementor-widget-container\">\n\t\t\t\t\t<h4 class=\"elementor-heading-title elementor-size-default\">Shepherds who capture the heart<\/h4>\t\t\t\t<\/div>\n\t\t\t\t<\/div>\n\t\t\t\t<div class=\"elementor-element elementor-element-18828a0 elementor-widget elementor-widget-text-editor\" data-id=\"18828a0\" data-element_type=\"widget\" data-e-type=\"widget\" data-widget_type=\"text-editor.default\">\n\t\t\t\t<div class=\"elementor-widget-container\">\n\t\t\t\t\t\t\t\t\t<p>For 75 years now, the shepherd children have been the \u201cheart\u201d of the Salzburg Advent Singing. Their performances are among the most touching and atmospheric moments. With their genuine, honest, childlike manner, they can be heard singing in the most beautiful Salzburg dialect and delight audiences every year with their shepherd songs, G&#8217;stanzln, and the original Schleunigen mit P\u00e5sch.<br \/>The children&#8217;s choir was founded in 1935 by the late Karl Schindler.<\/p>\n\t\t\t\t\t\t\t\t<\/div>\n\t\t\t\t<\/div>\n\t\t\t\t\t<\/div>\n\t\t<\/div>\n\t\t\t\t<div class=\"elementor-column elementor-col-50 elementor-top-column elementor-element elementor-element-657a186\" data-id=\"657a186\" data-element_type=\"column\" data-e-type=\"column\">\n\t\t\t<div class=\"elementor-widget-wrap elementor-element-populated\">\n\t\t\t\t\t\t<div class=\"elementor-element elementor-element-6724a09 elementor-widget elementor-widget-image\" data-id=\"6724a09\" data-element_type=\"widget\" data-e-type=\"widget\" data-widget_type=\"image.default\">\n\t\t\t\t<div class=\"elementor-widget-container\">\n\t\t\t\t\t\t\t\t\t\t\t\t\t\t\t<img decoding=\"async\" width=\"2560\" height=\"1526\" src=\"https:\/\/www.salzburgeradventsingen.at\/wp-content\/uploads\/2025\/12\/Salzburger-Hirtenkinder-1.jpg\" class=\"attachment-full size-full wp-image-12305\" alt=\"\" srcset=\"https:\/\/www.salzburgeradventsingen.at\/wp-content\/uploads\/2025\/12\/Salzburger-Hirtenkinder-1.jpg 2560w, https:\/\/www.salzburgeradventsingen.at\/wp-content\/uploads\/2025\/12\/Salzburger-Hirtenkinder-1-300x179.jpg 300w, https:\/\/www.salzburgeradventsingen.at\/wp-content\/uploads\/2025\/12\/Salzburger-Hirtenkinder-1-1024x610.jpg 1024w, https:\/\/www.salzburgeradventsingen.at\/wp-content\/uploads\/2025\/12\/Salzburger-Hirtenkinder-1-768x458.jpg 768w, https:\/\/www.salzburgeradventsingen.at\/wp-content\/uploads\/2025\/12\/Salzburger-Hirtenkinder-1-1536x916.jpg 1536w, https:\/\/www.salzburgeradventsingen.at\/wp-content\/uploads\/2025\/12\/Salzburger-Hirtenkinder-1-2048x1221.jpg 2048w\" sizes=\"(max-width: 2560px) 100vw, 2560px\" loading=\"eager\" \/>\t\t\t\t\t\t\t\t\t\t\t\t\t\t\t<\/div>\n\t\t\t\t<\/div>\n\t\t\t\t\t<\/div>\n\t\t<\/div>\n\t\t\t\t\t<\/div>\n\t\t<\/section>\n\t\t\t\t<section class=\"elementor-section elementor-top-section elementor-element elementor-element-563042a elementor-section-content-middle elementor-reverse-mobile elementor-section-boxed elementor-section-height-default elementor-section-height-default\" data-id=\"563042a\" data-element_type=\"section\" data-e-type=\"section\">\n\t\t\t\t\t\t<div class=\"elementor-container elementor-column-gap-wider\">\n\t\t\t\t\t<div class=\"elementor-column elementor-col-50 elementor-top-column elementor-element elementor-element-176cbaf\" data-id=\"176cbaf\" data-element_type=\"column\" data-e-type=\"column\">\n\t\t\t<div class=\"elementor-widget-wrap elementor-element-populated\">\n\t\t\t\t\t\t<div class=\"elementor-element elementor-element-778d02d elementor-widget elementor-widget-image-carousel\" data-id=\"778d02d\" data-element_type=\"widget\" data-e-type=\"widget\" data-settings=\"{&quot;slides_to_show&quot;:&quot;1&quot;,&quot;navigation&quot;:&quot;none&quot;,&quot;autoplay_speed&quot;:2000,&quot;autoplay&quot;:&quot;yes&quot;,&quot;pause_on_hover&quot;:&quot;yes&quot;,&quot;pause_on_interaction&quot;:&quot;yes&quot;,&quot;infinite&quot;:&quot;yes&quot;,&quot;effect&quot;:&quot;slide&quot;,&quot;speed&quot;:500}\" data-widget_type=\"image-carousel.default\">\n\t\t\t\t<div class=\"elementor-widget-container\">\n\t\t\t\t\t\t\t<div class=\"elementor-image-carousel-wrapper swiper\" role=\"region\" aria-roledescription=\"carousel\" aria-label=\"Bild Karussell\" dir=\"ltr\">\n\t\t\t<div class=\"elementor-image-carousel swiper-wrapper\" aria-live=\"off\">\n\t\t\t\t\t\t\t\t<div class=\"swiper-slide\" role=\"group\" aria-roledescription=\"slide\" aria-label=\"1 of 6\"><figure class=\"swiper-slide-inner\"><img decoding=\"async\" class=\"swiper-slide-image\" src=\"https:\/\/www.salzburgeradventsingen.at\/wp-content\/uploads\/2025\/12\/Salzburger-Saitenmusikensemble-1.jpg\" alt=\"Salzburger Saitenmusikensemble\" \/><\/figure><\/div><div class=\"swiper-slide\" role=\"group\" aria-roledescription=\"slide\" aria-label=\"2 of 6\"><figure class=\"swiper-slide-inner\"><img decoding=\"async\" class=\"swiper-slide-image\" src=\"https:\/\/www.salzburgeradventsingen.at\/wp-content\/uploads\/2025\/12\/Blaeserensemble-Juvavum-Brass-1.jpg\" alt=\"Bl\u00e4serensemble Juvavum Brass\" \/><\/figure><\/div><div class=\"swiper-slide\" role=\"group\" aria-roledescription=\"slide\" aria-label=\"3 of 6\"><figure class=\"swiper-slide-inner\"><img decoding=\"async\" class=\"swiper-slide-image\" src=\"https:\/\/www.salzburgeradventsingen.at\/wp-content\/uploads\/2025\/12\/Salzburger-Volksliedchor-1.jpg\" alt=\"Salzburger Volksliedchor\" \/><\/figure><\/div><div class=\"swiper-slide\" role=\"group\" aria-roledescription=\"slide\" aria-label=\"4 of 6\"><figure class=\"swiper-slide-inner\"><img decoding=\"async\" class=\"swiper-slide-image\" src=\"https:\/\/www.salzburgeradventsingen.at\/wp-content\/uploads\/2025\/12\/Salzburger-Saitenmusikensemble-2.jpg\" alt=\"Salzburger Saitenmusikensemble\" \/><\/figure><\/div><div class=\"swiper-slide\" role=\"group\" aria-roledescription=\"slide\" aria-label=\"5 of 6\"><figure class=\"swiper-slide-inner\"><img decoding=\"async\" class=\"swiper-slide-image\" src=\"https:\/\/www.salzburgeradventsingen.at\/wp-content\/uploads\/2025\/12\/Salzburger-Volksliedchor-2.jpg\" alt=\"Salzburger Volksliedchor\" \/><\/figure><\/div><div class=\"swiper-slide\" role=\"group\" aria-roledescription=\"slide\" aria-label=\"6 of 6\"><figure class=\"swiper-slide-inner\"><img decoding=\"async\" class=\"swiper-slide-image\" src=\"https:\/\/www.salzburgeradventsingen.at\/wp-content\/uploads\/2025\/12\/Blaeserensemble-Juvavum-Brass-2.jpg\" alt=\"Bl\u00e4serensemble Juvavum Brass\" \/><\/figure><\/div>\t\t\t<\/div>\n\t\t\t\t\t\t\t\n\t\t\t\t\t\t\t\t\t<\/div>\n\t\t\t\t\t\t<\/div>\n\t\t\t\t<\/div>\n\t\t\t\t\t<\/div>\n\t\t<\/div>\n\t\t\t\t<div class=\"elementor-column elementor-col-50 elementor-top-column elementor-element elementor-element-cc6d1b3\" data-id=\"cc6d1b3\" data-element_type=\"column\" data-e-type=\"column\">\n\t\t\t<div class=\"elementor-widget-wrap elementor-element-populated\">\n\t\t\t\t\t\t<div class=\"elementor-element elementor-element-40bc459 elementor-widget elementor-widget-heading\" data-id=\"40bc459\" data-element_type=\"widget\" data-e-type=\"widget\" data-widget_type=\"heading.default\">\n\t\t\t\t<div class=\"elementor-widget-container\">\n\t\t\t\t\t<h4 class=\"elementor-heading-title elementor-size-default\">Familiar songs and tunes<\/h4>\t\t\t\t<\/div>\n\t\t\t\t<\/div>\n\t\t\t\t<div class=\"elementor-element elementor-element-3effb76 elementor-widget elementor-widget-text-editor\" data-id=\"3effb76\" data-element_type=\"widget\" data-e-type=\"widget\" data-widget_type=\"text-editor.default\">\n\t\t\t\t<div class=\"elementor-widget-container\">\n\t\t\t\t\t\t\t\t\t<p>The Salzburg Advent Singing has a unique musical dialect. The harmoniously coordinated sound structure of familiar folk songs and tunes, classical works, and new compositions creates an atmospheric sound experience every year, in which the mystery of the spiritual message resonates in a very special way.<\/p>\n\t\t\t\t\t\t\t\t<\/div>\n\t\t\t\t<\/div>\n\t\t\t\t\t<\/div>\n\t\t<\/div>\n\t\t\t\t\t<\/div>\n\t\t<\/section>\n\t\t\t\t<section class=\"elementor-section elementor-top-section elementor-element elementor-element-8b4c544 elementor-section-content-middle elementor-reverse-mobile elementor-section-boxed elementor-section-height-default elementor-section-height-default\" data-id=\"8b4c544\" data-element_type=\"section\" data-e-type=\"section\">\n\t\t\t\t\t\t<div class=\"elementor-container elementor-column-gap-wider\">\n\t\t\t\t\t<div class=\"elementor-column elementor-col-50 elementor-top-column elementor-element elementor-element-2e0d545\" data-id=\"2e0d545\" data-element_type=\"column\" data-e-type=\"column\">\n\t\t\t<div class=\"elementor-widget-wrap elementor-element-populated\">\n\t\t\t\t\t\t<div class=\"elementor-element elementor-element-ff471eb elementor-widget elementor-widget-heading\" data-id=\"ff471eb\" data-element_type=\"widget\" data-e-type=\"widget\" data-widget_type=\"heading.default\">\n\t\t\t\t<div class=\"elementor-widget-container\">\n\t\t\t\t\t<h4 class=\"elementor-heading-title elementor-size-default\">A large community<\/h4>\t\t\t\t<\/div>\n\t\t\t\t<\/div>\n\t\t\t\t<div class=\"elementor-element elementor-element-95cce08 elementor-widget elementor-widget-text-editor\" data-id=\"95cce08\" data-element_type=\"widget\" data-e-type=\"widget\" data-widget_type=\"text-editor.default\">\n\t\t\t\t<div class=\"elementor-widget-container\">\n\t\t\t\t\t\t\t\t\t<p>During the performances in the Gro\u00dfes Festspielhaus, you can feel the energy of the more than 2,000 visitors and performers flowing together. An indescribable, energetic aura of a large community unfolds, reaching a blissful climax at the latest when everyone sings the devotional yodel together.<\/p>\n\t\t\t\t\t\t\t\t<\/div>\n\t\t\t\t<\/div>\n\t\t\t\t\t<\/div>\n\t\t<\/div>\n\t\t\t\t<div class=\"elementor-column elementor-col-50 elementor-top-column elementor-element elementor-element-0114ced\" data-id=\"0114ced\" data-element_type=\"column\" data-e-type=\"column\">\n\t\t\t<div class=\"elementor-widget-wrap elementor-element-populated\">\n\t\t\t\t\t\t<div class=\"elementor-element elementor-element-90a8b60 elementor-widget elementor-widget-image\" data-id=\"90a8b60\" data-element_type=\"widget\" data-e-type=\"widget\" data-widget_type=\"image.default\">\n\t\t\t\t<div class=\"elementor-widget-container\">\n\t\t\t\t\t\t\t\t\t\t\t\t\t\t\t<img decoding=\"async\" width=\"2560\" height=\"1526\" src=\"https:\/\/www.salzburgeradventsingen.at\/wp-content\/uploads\/2025\/12\/Gaeste.jpg\" class=\"attachment-full size-full wp-image-12301\" alt=\"\" srcset=\"https:\/\/www.salzburgeradventsingen.at\/wp-content\/uploads\/2025\/12\/Gaeste.jpg 2560w, https:\/\/www.salzburgeradventsingen.at\/wp-content\/uploads\/2025\/12\/Gaeste-300x179.jpg 300w, https:\/\/www.salzburgeradventsingen.at\/wp-content\/uploads\/2025\/12\/Gaeste-1024x610.jpg 1024w, https:\/\/www.salzburgeradventsingen.at\/wp-content\/uploads\/2025\/12\/Gaeste-768x458.jpg 768w, https:\/\/www.salzburgeradventsingen.at\/wp-content\/uploads\/2025\/12\/Gaeste-1536x916.jpg 1536w, https:\/\/www.salzburgeradventsingen.at\/wp-content\/uploads\/2025\/12\/Gaeste-2048x1221.jpg 2048w\" sizes=\"(max-width: 2560px) 100vw, 2560px\" loading=\"eager\" \/>\t\t\t\t\t\t\t\t\t\t\t\t\t\t\t<\/div>\n\t\t\t\t<\/div>\n\t\t\t\t\t<\/div>\n\t\t<\/div>\n\t\t\t\t\t<\/div>\n\t\t<\/section>\n\t\t\t\t<section class=\"elementor-section elementor-top-section elementor-element elementor-element-a3283c7 elementor-section-content-middle elementor-section-boxed elementor-section-height-default elementor-section-height-default\" data-id=\"a3283c7\" data-element_type=\"section\" data-e-type=\"section\">\n\t\t\t\t\t\t<div class=\"elementor-container elementor-column-gap-no\">\n\t\t\t\t\t<div class=\"elementor-column elementor-col-100 elementor-top-column elementor-element elementor-element-f58e3c4\" data-id=\"f58e3c4\" data-element_type=\"column\" data-e-type=\"column\">\n\t\t\t<div class=\"elementor-widget-wrap elementor-element-populated\">\n\t\t\t\t\t\t<div class=\"elementor-element elementor-element-237a36e elementor-widget elementor-widget-menu-anchor\" data-id=\"237a36e\" data-element_type=\"widget\" data-e-type=\"widget\" data-widget_type=\"menu-anchor.default\">\n\t\t\t\t<div class=\"elementor-widget-container\">\n\t\t\t\t\t\t\t<div class=\"elementor-menu-anchor\" id=\"contributor2026\"><\/div>\n\t\t\t\t\t\t<\/div>\n\t\t\t\t<\/div>\n\t\t\t\t<div class=\"elementor-element elementor-element-c5251e2 elementor-widget elementor-widget-spacer\" data-id=\"c5251e2\" data-element_type=\"widget\" data-e-type=\"widget\" data-widget_type=\"spacer.default\">\n\t\t\t\t<div class=\"elementor-widget-container\">\n\t\t\t\t\t\t\t<div class=\"elementor-spacer\">\n\t\t\t<div class=\"elementor-spacer-inner\"><\/div>\n\t\t<\/div>\n\t\t\t\t\t\t<\/div>\n\t\t\t\t<\/div>\n\t\t\t\t<div class=\"elementor-element elementor-element-97e82ee elementor-widget elementor-widget-heading\" data-id=\"97e82ee\" data-element_type=\"widget\" data-e-type=\"widget\" data-widget_type=\"heading.default\">\n\t\t\t\t<div class=\"elementor-widget-container\">\n\t\t\t\t\t<h4 class=\"elementor-heading-title elementor-size-default\">2025<\/h4>\t\t\t\t<\/div>\n\t\t\t\t<\/div>\n\t\t\t\t<div class=\"elementor-element elementor-element-eca8f77 elementor-widget elementor-widget-heading\" data-id=\"eca8f77\" data-element_type=\"widget\" data-e-type=\"widget\" data-widget_type=\"heading.default\">\n\t\t\t\t<div class=\"elementor-widget-container\">\n\t\t\t\t\t<h3 class=\"elementor-heading-title elementor-size-default\">Leading Team<\/h3>\t\t\t\t<\/div>\n\t\t\t\t<\/div>\n\t\t\t\t\t<\/div>\n\t\t<\/div>\n\t\t\t\t\t<\/div>\n\t\t<\/section>\n\t\t\t\t<section class=\"elementor-section elementor-top-section elementor-element elementor-element-8b9b4cd elementor-section-boxed elementor-section-height-default elementor-section-height-default\" data-id=\"8b9b4cd\" data-element_type=\"section\" data-e-type=\"section\">\n\t\t\t\t\t\t<div class=\"elementor-container elementor-column-gap-default\">\n\t\t\t\t\t<div class=\"elementor-column elementor-col-100 elementor-top-column elementor-element elementor-element-15a6e8a\" data-id=\"15a6e8a\" data-element_type=\"column\" data-e-type=\"column\">\n\t\t\t<div class=\"elementor-widget-wrap elementor-element-populated\">\n\t\t\t\t\t\t<div class=\"elementor-element elementor-element-a3a8067 elementor-widget elementor-widget-heading\" data-id=\"a3a8067\" data-element_type=\"widget\" data-e-type=\"widget\" data-widget_type=\"heading.default\">\n\t\t\t\t<div class=\"elementor-widget-container\">\n\t\t\t\t\t<h4 class=\"elementor-heading-title elementor-size-default\">Leading Team<\/h4>\t\t\t\t<\/div>\n\t\t\t\t<\/div>\n\t\t\t\t<div class=\"elementor-element elementor-element-8b6ed07 elementor-widget elementor-widget-accordion\" data-id=\"8b6ed07\" data-element_type=\"widget\" data-e-type=\"widget\" data-widget_type=\"accordion.default\">\n\t\t\t\t<div class=\"elementor-widget-container\">\n\t\t\t\t\t\t\t<div class=\"elementor-accordion\">\n\t\t\t\t\t\t\t<div class=\"elementor-accordion-item\">\n\t\t\t\t\t<div id=\"elementor-tab-title-1461\" class=\"elementor-tab-title\" data-tab=\"1\" role=\"button\" aria-controls=\"elementor-tab-content-1461\" aria-expanded=\"false\">\n\t\t\t\t\t\t\t\t\t\t\t\t\t<span class=\"elementor-accordion-icon elementor-accordion-icon-left\" aria-hidden=\"true\">\n\t\t\t\t\t\t\t\t\t\t\t\t\t\t\t<span class=\"elementor-accordion-icon-closed\"><svg class=\"e-font-icon-svg e-fas-plus\" viewBox=\"0 0 448 512\" xmlns=\"http:\/\/www.w3.org\/2000\/svg\"><path d=\"M416 208H272V64c0-17.67-14.33-32-32-32h-32c-17.67 0-32 14.33-32 32v144H32c-17.67 0-32 14.33-32 32v32c0 17.67 14.33 32 32 32h144v144c0 17.67 14.33 32 32 32h32c17.67 0 32-14.33 32-32V304h144c17.67 0 32-14.33 32-32v-32c0-17.67-14.33-32-32-32z\"><\/path><\/svg><\/span>\n\t\t\t\t\t\t\t\t<span class=\"elementor-accordion-icon-opened\"><svg class=\"e-font-icon-svg e-fas-minus\" viewBox=\"0 0 448 512\" xmlns=\"http:\/\/www.w3.org\/2000\/svg\"><path d=\"M416 208H32c-17.67 0-32 14.33-32 32v32c0 17.67 14.33 32 32 32h384c17.67 0 32-14.33 32-32v-32c0-17.67-14.33-32-32-32z\"><\/path><\/svg><\/span>\n\t\t\t\t\t\t\t\t\t\t\t\t\t\t<\/span>\n\t\t\t\t\t\t\t\t\t\t\t\t<a class=\"elementor-accordion-title\" tabindex=\"0\">Book, production, overall management<\/a>\n\t\t\t\t\t<\/div>\n\t\t\t\t\t<div id=\"elementor-tab-content-1461\" class=\"elementor-tab-content elementor-clearfix\" data-tab=\"1\" role=\"region\" aria-labelledby=\"elementor-tab-title-1461\"><p><img decoding=\"async\" class=\"alignleft wp-image-7926 size-medium\" src=\"https:\/\/www.salzburgeradventsingen.at\/wp-content\/uploads\/richard-schabetsberger-hans-koehl-2022-004-scaled-e1670925235403-245x300.jpg\" alt=\"\" width=\"245\" height=\"300\" srcset=\"https:\/\/www.salzburgeradventsingen.at\/wp-content\/uploads\/richard-schabetsberger-hans-koehl-2022-004-scaled-e1670925235403-245x300.jpg 245w, https:\/\/www.salzburgeradventsingen.at\/wp-content\/uploads\/richard-schabetsberger-hans-koehl-2022-004-scaled-e1670925235403.jpg 512w\" sizes=\"(max-width: 245px) 100vw, 245px\" \/><strong style=\"color: var( --e-global-color-primary );\">Hans K\u00f6hl<\/strong><\/p>\n<p>has been the artistic director of the Salzburg Advent Singing for 27 years. He is also the managing director of the non-profit Kulturwerk Salzburg GmbH, which organizes this traditional Salzburg cultural institution. He is the driving force behind this internationally renowned event.<\/p>\n<p>Every year, he conceives new scenic-musical works, writes the books, takes care of the folk music components, and develops new Salzburg Advent Singing events in close cooperation with the respective composers. A tireless search for new approaches and their contemporary implementation, incorporating valuable traditions, is the driving force behind his successful work.<\/p>\n<p>Aware of the responsible, tradition-rich heritage, Hans K\u00f6hl sets the highest possible artistic standards for himself and all those involved. Under his leadership, the Salzburg Advent Singing surprises with ever new experiences of the Advent season and the mystery surrounding the divine miracle of birth.<\/p>\n<\/div>\n\t\t\t\t<\/div>\n\t\t\t\t\t\t\t<div class=\"elementor-accordion-item\">\n\t\t\t\t\t<div id=\"elementor-tab-title-1462\" class=\"elementor-tab-title\" data-tab=\"2\" role=\"button\" aria-controls=\"elementor-tab-content-1462\" aria-expanded=\"false\">\n\t\t\t\t\t\t\t\t\t\t\t\t\t<span class=\"elementor-accordion-icon elementor-accordion-icon-left\" aria-hidden=\"true\">\n\t\t\t\t\t\t\t\t\t\t\t\t\t\t\t<span class=\"elementor-accordion-icon-closed\"><svg class=\"e-font-icon-svg e-fas-plus\" viewBox=\"0 0 448 512\" xmlns=\"http:\/\/www.w3.org\/2000\/svg\"><path d=\"M416 208H272V64c0-17.67-14.33-32-32-32h-32c-17.67 0-32 14.33-32 32v144H32c-17.67 0-32 14.33-32 32v32c0 17.67 14.33 32 32 32h144v144c0 17.67 14.33 32 32 32h32c17.67 0 32-14.33 32-32V304h144c17.67 0 32-14.33 32-32v-32c0-17.67-14.33-32-32-32z\"><\/path><\/svg><\/span>\n\t\t\t\t\t\t\t\t<span class=\"elementor-accordion-icon-opened\"><svg class=\"e-font-icon-svg e-fas-minus\" viewBox=\"0 0 448 512\" xmlns=\"http:\/\/www.w3.org\/2000\/svg\"><path d=\"M416 208H32c-17.67 0-32 14.33-32 32v32c0 17.67 14.33 32 32 32h384c17.67 0 32-14.33 32-32v-32c0-17.67-14.33-32-32-32z\"><\/path><\/svg><\/span>\n\t\t\t\t\t\t\t\t\t\t\t\t\t\t<\/span>\n\t\t\t\t\t\t\t\t\t\t\t\t<a class=\"elementor-accordion-title\" tabindex=\"0\">Compositions, arrangements<\/a>\n\t\t\t\t\t<\/div>\n\t\t\t\t\t<div id=\"elementor-tab-content-1462\" class=\"elementor-tab-content elementor-clearfix\" data-tab=\"2\" role=\"region\" aria-labelledby=\"elementor-tab-title-1462\"><p><img decoding=\"async\" class=\"alignleft wp-image-6514 size-medium\" src=\"https:\/\/www.salzburgeradventsingen.at\/wp-content\/uploads\/2022-Shane-Woodborne-200x300.jpg\" alt=\"\" width=\"200\" height=\"300\" srcset=\"https:\/\/www.salzburgeradventsingen.at\/wp-content\/uploads\/2022-Shane-Woodborne-200x300.jpg 200w, https:\/\/www.salzburgeradventsingen.at\/wp-content\/uploads\/2022-Shane-Woodborne-683x1024.jpg 683w, https:\/\/www.salzburgeradventsingen.at\/wp-content\/uploads\/2022-Shane-Woodborne-768x1152.jpg 768w, https:\/\/www.salzburgeradventsingen.at\/wp-content\/uploads\/2022-Shane-Woodborne-1024x1536.jpg 1024w, https:\/\/www.salzburgeradventsingen.at\/wp-content\/uploads\/2022-Shane-Woodborne-1365x2048.jpg 1365w, https:\/\/www.salzburgeradventsingen.at\/wp-content\/uploads\/2022-Shane-Woodborne.jpg 1696w\" sizes=\"(max-width: 200px) 100vw, 200px\" \/><\/p>\n<p><strong>Shane Woodborne<\/strong><\/p>\n<p>studies violoncello and piano in Cape Town, South Africa, and at the Mozarteum University in Salzburg. During his studies, he increasingly devotes himself to composing. He has composed commissioned works for the Beethoven Society in Bremen, the Zeitfluss Festival in Salzburg, Jeunesse, and the Lindesnes Chamber Music Festival in Norway, among others. These include works for choir and orchestra as well as song cycles, solo works, and chamber music. The musician and composer has been a member of the Camerata Salzburg since 1992.<br \/>Shane Woodborne has composed numerous musical works for world premieres and new versions of Salzburg Advent songs, such as \u201cDa hat vor dem Stall der \u00c4pfibam bliaht\u201d (1999, 2007), \u201cSiehe ich bin des Herren Magd\u201d (2002), \u201cMaria\u201d (2009), \u2018Sehnsucht\u2019 (2013), \u201cSchnee in Bethlehem\u201d (2015, 2022), \u201cF\u00fcrchte dich nicht!\u201d (2020, 2021, 2022) and \u201cDer blinde Hirte\u201d (2017, 2025).<\/p>\n<\/div>\n\t\t\t\t<\/div>\n\t\t\t\t\t\t\t<div class=\"elementor-accordion-item\">\n\t\t\t\t\t<div id=\"elementor-tab-title-1463\" class=\"elementor-tab-title\" data-tab=\"3\" role=\"button\" aria-controls=\"elementor-tab-content-1463\" aria-expanded=\"false\">\n\t\t\t\t\t\t\t\t\t\t\t\t\t<span class=\"elementor-accordion-icon elementor-accordion-icon-left\" aria-hidden=\"true\">\n\t\t\t\t\t\t\t\t\t\t\t\t\t\t\t<span class=\"elementor-accordion-icon-closed\"><svg class=\"e-font-icon-svg e-fas-plus\" viewBox=\"0 0 448 512\" xmlns=\"http:\/\/www.w3.org\/2000\/svg\"><path d=\"M416 208H272V64c0-17.67-14.33-32-32-32h-32c-17.67 0-32 14.33-32 32v144H32c-17.67 0-32 14.33-32 32v32c0 17.67 14.33 32 32 32h144v144c0 17.67 14.33 32 32 32h32c17.67 0 32-14.33 32-32V304h144c17.67 0 32-14.33 32-32v-32c0-17.67-14.33-32-32-32z\"><\/path><\/svg><\/span>\n\t\t\t\t\t\t\t\t<span class=\"elementor-accordion-icon-opened\"><svg class=\"e-font-icon-svg e-fas-minus\" viewBox=\"0 0 448 512\" xmlns=\"http:\/\/www.w3.org\/2000\/svg\"><path d=\"M416 208H32c-17.67 0-32 14.33-32 32v32c0 17.67 14.33 32 32 32h384c17.67 0 32-14.33 32-32v-32c0-17.67-14.33-32-32-32z\"><\/path><\/svg><\/span>\n\t\t\t\t\t\t\t\t\t\t\t\t\t\t<\/span>\n\t\t\t\t\t\t\t\t\t\t\t\t<a class=\"elementor-accordion-title\" tabindex=\"0\">Conducting<\/a>\n\t\t\t\t\t<\/div>\n\t\t\t\t\t<div id=\"elementor-tab-content-1463\" class=\"elementor-tab-content elementor-clearfix\" data-tab=\"3\" role=\"region\" aria-labelledby=\"elementor-tab-title-1463\"><p><img data-dominant-color=\"5b4938\" data-has-transparency=\"false\" style=\"--dominant-color: #5b4938;\" decoding=\"async\" class=\"alignleft wp-image-9865 size-medium not-transparent\" src=\"https:\/\/www.salzburgeradventsingen.at\/wp-content\/uploads\/2024\/01\/Bild_2024-01-15_121916598-220x300.png\" alt=\"\" width=\"220\" height=\"300\" srcset=\"https:\/\/www.salzburgeradventsingen.at\/wp-content\/uploads\/2024\/01\/Bild_2024-01-15_121916598-220x300.png 220w, https:\/\/www.salzburgeradventsingen.at\/wp-content\/uploads\/2024\/01\/Bild_2024-01-15_121916598-751x1024.png 751w, https:\/\/www.salzburgeradventsingen.at\/wp-content\/uploads\/2024\/01\/Bild_2024-01-15_121916598-768x1047.png 768w, https:\/\/www.salzburgeradventsingen.at\/wp-content\/uploads\/2024\/01\/Bild_2024-01-15_121916598.png 1114w\" sizes=\"(max-width: 220px) 100vw, 220px\" \/><\/p>\n<p><strong>Herbert B\u00f6ck<\/strong><\/p>\n<p>Initial musical training as a Vienna Boys&#8217; Choir soprano soloist. Studied conducting, oboe, composition, and music education at the University of Music and Performing Arts Vienna. 1985-1989: Principal oboist with the Vienna Radio Symphony Orchestra. 1989-1998: Artistic director of the Vienna Singakademie with conducting duties at the Vienna Konzerthaus.<br \/>Principal conductor of the Vienna Jeunesse Orchestra, artistic director of Concentus Vocalis, since 1995 professor of choir and ensemble conducting at the Mozarteum University in Salzburg. Founded the Mozarteum University Chamber Choir in 2007.<\/p>\n<p>Collaborations with, among others, the Vienna Philharmonic Wind Ensemble, Mozarteum Orchestra Salzburg, Vienna Chamber Orchestra, Lower Austrian Tonk\u00fcnstler Orchestra, Orchestra Santa Cecilia die Roma, Orchestre Philharmonique de Radio France, Slovenian Philharmonic Ljubljana, Budapest Radio Orchestra, Latvian Symphony Orchestra, RIAS Chamber Choir Berlin, Berlin Radio Choir, MDR Choir Leipzig, and WDR Choir Cologne. Numerous concert tours throughout Europe, Russia, Israel, and the USA.<\/p>\n<p>Since 2001, Herbert B\u00f6ck has been a congenial conductor for the Salzburg Advent Singing, who values and respects folk music as a basis and for whom working with choirs is a much-loved task.<\/p>\n<\/div>\n\t\t\t\t<\/div>\n\t\t\t\t\t\t\t<div class=\"elementor-accordion-item\">\n\t\t\t\t\t<div id=\"elementor-tab-title-1464\" class=\"elementor-tab-title\" data-tab=\"4\" role=\"button\" aria-controls=\"elementor-tab-content-1464\" aria-expanded=\"false\">\n\t\t\t\t\t\t\t\t\t\t\t\t\t<span class=\"elementor-accordion-icon elementor-accordion-icon-left\" aria-hidden=\"true\">\n\t\t\t\t\t\t\t\t\t\t\t\t\t\t\t<span class=\"elementor-accordion-icon-closed\"><svg class=\"e-font-icon-svg e-fas-plus\" viewBox=\"0 0 448 512\" xmlns=\"http:\/\/www.w3.org\/2000\/svg\"><path d=\"M416 208H272V64c0-17.67-14.33-32-32-32h-32c-17.67 0-32 14.33-32 32v144H32c-17.67 0-32 14.33-32 32v32c0 17.67 14.33 32 32 32h144v144c0 17.67 14.33 32 32 32h32c17.67 0 32-14.33 32-32V304h144c17.67 0 32-14.33 32-32v-32c0-17.67-14.33-32-32-32z\"><\/path><\/svg><\/span>\n\t\t\t\t\t\t\t\t<span class=\"elementor-accordion-icon-opened\"><svg class=\"e-font-icon-svg e-fas-minus\" viewBox=\"0 0 448 512\" xmlns=\"http:\/\/www.w3.org\/2000\/svg\"><path d=\"M416 208H32c-17.67 0-32 14.33-32 32v32c0 17.67 14.33 32 32 32h384c17.67 0 32-14.33 32-32v-32c0-17.67-14.33-32-32-32z\"><\/path><\/svg><\/span>\n\t\t\t\t\t\t\t\t\t\t\t\t\t\t<\/span>\n\t\t\t\t\t\t\t\t\t\t\t\t<a class=\"elementor-accordion-title\" tabindex=\"0\">Staging, stage direction<\/a>\n\t\t\t\t\t<\/div>\n\t\t\t\t\t<div id=\"elementor-tab-content-1464\" class=\"elementor-tab-content elementor-clearfix\" data-tab=\"4\" role=\"region\" aria-labelledby=\"elementor-tab-title-1464\"><p><img data-dominant-color=\"32423e\" data-has-transparency=\"false\" style=\"--dominant-color: #32423e;\" loading=\"lazy\" decoding=\"async\" class=\"alignleft wp-image-9855 size-medium not-transparent\" src=\"https:\/\/www.salzburgeradventsingen.at\/wp-content\/uploads\/2024\/01\/2024-Gerda-Gratzer-scaled-e1705317696976-206x300.jpg\" alt=\"\" width=\"206\" height=\"300\" srcset=\"https:\/\/www.salzburgeradventsingen.at\/wp-content\/uploads\/2024\/01\/2024-Gerda-Gratzer-scaled-e1705317696976-206x300.jpg 206w, https:\/\/www.salzburgeradventsingen.at\/wp-content\/uploads\/2024\/01\/2024-Gerda-Gratzer-scaled-e1705317696976.jpg 661w\" sizes=\"(max-width: 206px) 100vw, 206px\" \/>\u00a0<strong style=\"color: var( --e-global-color-primary );\">Gerda Gratzer<\/strong><\/p>\n<p>Gerda Gratzer made her debut as a theater director at the Salzburg Advent Singing in 2022. The sensitive artist grew up in Carinthia and studied musicology, ethnology, cultural management, and acting in Graz and Salzburg.<\/p>\n<p>She was artistic director of the Millstatt International Music Weeks, managing director of the Prima la Musica youth music competition in Salzburg, and finally devoted herself entirely to the theater. She founded the Theater Panoptikum and the Theater der Freien Elemente, worked as an actress for many years, and staged more than 30 plays as a director (\u201cThree Times Life\u201d by Yasmina Reza, \u201cDer thermale Widerstand\u201d by Ferdinand Schmalz, \u201cGl\u00fcck\u201d by Kate\u0159ina \u010cern\u00e1, \u201cEight Women\u201d by Robert Thomas, \u201cDie Wunder\u00fcbung\u201d by Daniel Glattauer, and many more).<\/p>\n<p>Gerda Gratzer leads seminars on acting and directing and is also a systemic psychotherapist in her own practice.<\/p>\n<p><a href=\"http:\/\/www.gerdagratzer.at\" target=\"_blank\" rel=\"noopener noreferrer nofollow\">www.gerdagratzer.at<\/a><\/p>\n<\/div>\n\t\t\t\t<\/div>\n\t\t\t\t\t\t\t<div class=\"elementor-accordion-item\">\n\t\t\t\t\t<div id=\"elementor-tab-title-1465\" class=\"elementor-tab-title\" data-tab=\"5\" role=\"button\" aria-controls=\"elementor-tab-content-1465\" aria-expanded=\"false\">\n\t\t\t\t\t\t\t\t\t\t\t\t\t<span class=\"elementor-accordion-icon elementor-accordion-icon-left\" aria-hidden=\"true\">\n\t\t\t\t\t\t\t\t\t\t\t\t\t\t\t<span class=\"elementor-accordion-icon-closed\"><svg class=\"e-font-icon-svg e-fas-plus\" viewBox=\"0 0 448 512\" xmlns=\"http:\/\/www.w3.org\/2000\/svg\"><path d=\"M416 208H272V64c0-17.67-14.33-32-32-32h-32c-17.67 0-32 14.33-32 32v144H32c-17.67 0-32 14.33-32 32v32c0 17.67 14.33 32 32 32h144v144c0 17.67 14.33 32 32 32h32c17.67 0 32-14.33 32-32V304h144c17.67 0 32-14.33 32-32v-32c0-17.67-14.33-32-32-32z\"><\/path><\/svg><\/span>\n\t\t\t\t\t\t\t\t<span class=\"elementor-accordion-icon-opened\"><svg class=\"e-font-icon-svg e-fas-minus\" viewBox=\"0 0 448 512\" xmlns=\"http:\/\/www.w3.org\/2000\/svg\"><path d=\"M416 208H32c-17.67 0-32 14.33-32 32v32c0 17.67 14.33 32 32 32h384c17.67 0 32-14.33 32-32v-32c0-17.67-14.33-32-32-32z\"><\/path><\/svg><\/span>\n\t\t\t\t\t\t\t\t\t\t\t\t\t\t<\/span>\n\t\t\t\t\t\t\t\t\t\t\t\t<a class=\"elementor-accordion-title\" tabindex=\"0\">Costume design, make-up<\/a>\n\t\t\t\t\t<\/div>\n\t\t\t\t\t<div id=\"elementor-tab-content-1465\" class=\"elementor-tab-content elementor-clearfix\" data-tab=\"5\" role=\"region\" aria-labelledby=\"elementor-tab-title-1465\"><p><img data-dominant-color=\"303833\" data-has-transparency=\"false\" loading=\"lazy\" decoding=\"async\" class=\"alignleft wp-image-9853 size-medium not-transparent\" style=\"--dominant-color: #303833; color: var( --e-global-color-primary );\" src=\"https:\/\/www.salzburgeradventsingen.at\/wp-content\/uploads\/2024\/01\/2024-Brigitte-Schiebler-scaled-e1705317815928-202x300.jpg\" alt=\"\" width=\"202\" height=\"300\" srcset=\"https:\/\/www.salzburgeradventsingen.at\/wp-content\/uploads\/2024\/01\/2024-Brigitte-Schiebler-scaled-e1705317815928-202x300.jpg 202w, https:\/\/www.salzburgeradventsingen.at\/wp-content\/uploads\/2024\/01\/2024-Brigitte-Schiebler-scaled-e1705317815928-689x1024.jpg 689w, https:\/\/www.salzburgeradventsingen.at\/wp-content\/uploads\/2024\/01\/2024-Brigitte-Schiebler-scaled-e1705317815928.jpg 712w\" sizes=\"(max-width: 202px) 100vw, 202px\" \/><strong style=\"color: var( --e-global-color-primary );\">Brigitte Schiebler<\/strong><\/p>\n<p>Brigitte Schiebler<\/p>\n<p>Before becoming self-employed, master tailor Brigitte Schiebler worked for many years as a professional for the Salzburg Festival. In her studio, the creative design, cutting, and pattern director produces enchanting, one-of-a-kind textiles such as business outfits, bridal and evening wear, dirndl dresses, custom-made shirts, and interior decorations. The Salzburg native also creates exclusive costumes for international fashion shows and provides expertise as an appraiser and textile expert.<\/p>\n<p>Brigitte Schiebler loves enchanting things, including the challenge she has been given to design a distinctive and fascinating costume for the new production of the Salzburg Advent Singing and to craft it with artisanal skill.<\/p>\n<p>www.zauberhaft-salzburg.com<\/p>\n<p>Makeup:<\/p>\n<p>Nicole Klingseisen<br \/>Elena Schachl<\/p>\n<\/div>\n\t\t\t\t<\/div>\n\t\t\t\t\t\t\t<div class=\"elementor-accordion-item\">\n\t\t\t\t\t<div id=\"elementor-tab-title-1466\" class=\"elementor-tab-title\" data-tab=\"6\" role=\"button\" aria-controls=\"elementor-tab-content-1466\" aria-expanded=\"false\">\n\t\t\t\t\t\t\t\t\t\t\t\t\t<span class=\"elementor-accordion-icon elementor-accordion-icon-left\" aria-hidden=\"true\">\n\t\t\t\t\t\t\t\t\t\t\t\t\t\t\t<span class=\"elementor-accordion-icon-closed\"><svg class=\"e-font-icon-svg e-fas-plus\" viewBox=\"0 0 448 512\" xmlns=\"http:\/\/www.w3.org\/2000\/svg\"><path d=\"M416 208H272V64c0-17.67-14.33-32-32-32h-32c-17.67 0-32 14.33-32 32v144H32c-17.67 0-32 14.33-32 32v32c0 17.67 14.33 32 32 32h144v144c0 17.67 14.33 32 32 32h32c17.67 0 32-14.33 32-32V304h144c17.67 0 32-14.33 32-32v-32c0-17.67-14.33-32-32-32z\"><\/path><\/svg><\/span>\n\t\t\t\t\t\t\t\t<span class=\"elementor-accordion-icon-opened\"><svg class=\"e-font-icon-svg e-fas-minus\" viewBox=\"0 0 448 512\" xmlns=\"http:\/\/www.w3.org\/2000\/svg\"><path d=\"M416 208H32c-17.67 0-32 14.33-32 32v32c0 17.67 14.33 32 32 32h384c17.67 0 32-14.33 32-32v-32c0-17.67-14.33-32-32-32z\"><\/path><\/svg><\/span>\n\t\t\t\t\t\t\t\t\t\t\t\t\t\t<\/span>\n\t\t\t\t\t\t\t\t\t\t\t\t<a class=\"elementor-accordion-title\" tabindex=\"0\">Stage design, projections<\/a>\n\t\t\t\t\t<\/div>\n\t\t\t\t\t<div id=\"elementor-tab-content-1466\" class=\"elementor-tab-content elementor-clearfix\" data-tab=\"6\" role=\"region\" aria-labelledby=\"elementor-tab-title-1466\"><p><img loading=\"lazy\" decoding=\"async\" class=\"alignleft wp-image-11579 size-medium\" style=\"color: var( --e-global-color-primary );\" src=\"https:\/\/www.salzburgeradventsingen.at\/wp-content\/uploads\/2025\/04\/2025_Andreas_Ivancsics_2021-214x300.jpg\" alt=\"\" width=\"214\" height=\"300\" srcset=\"https:\/\/www.salzburgeradventsingen.at\/wp-content\/uploads\/2025\/04\/2025_Andreas_Ivancsics_2021-214x300.jpg 214w, https:\/\/www.salzburgeradventsingen.at\/wp-content\/uploads\/2025\/04\/2025_Andreas_Ivancsics_2021-731x1024.jpg 731w, https:\/\/www.salzburgeradventsingen.at\/wp-content\/uploads\/2025\/04\/2025_Andreas_Ivancsics_2021-768x1075.jpg 768w, https:\/\/www.salzburgeradventsingen.at\/wp-content\/uploads\/2025\/04\/2025_Andreas_Ivancsics_2021-1097x1536.jpg 1097w, https:\/\/www.salzburgeradventsingen.at\/wp-content\/uploads\/2025\/04\/2025_Andreas_Ivancsics_2021-1463x2048.jpg 1463w, https:\/\/www.salzburgeradventsingen.at\/wp-content\/uploads\/2025\/04\/2025_Andreas_Ivancsics_2021-scaled.jpg 1829w\" sizes=\"(max-width: 214px) 100vw, 214px\" \/><\/p>\n<p><strong>Andreas Ivancsics<\/strong><\/p>\n<p>is a freelance video artist and stage designer. After training as a sound engineer at SAE Vienna, he worked as head of the sound and video technology department at the B\u00fchne Baden theater. There he met the stage designer of the Salzburg Advent Singing, Dietmar Solt, and a long-standing collaboration ensued.<\/p>\n<p>Andreas&#8217; artistic work has taken him to various theaters in Germany, Austria, Switzerland, and Italy, and even to the Royal Opera House Muscat in Oman. Premieres are planned for 2025 at the Seefestspiele M\u00f6rbisch, the Musicalsommer Amstetten, the Salzburger Landestheater, the Philharmonie Luxembourg, the Wiener Musikverein, and the Musikfestival Steyr.<\/p>\n<p>Andreas Ivancsics was awarded the Austrian Music Theater Prize in 2018 for Axel an der Himmelst\u00fcr at the Vienna Volksoper.<\/p>\n<p>www.ivo-ton.com<\/p>\n<\/div>\n\t\t\t\t<\/div>\n\t\t\t\t\t\t\t\t<\/div>\n\t\t\t\t\t\t<\/div>\n\t\t\t\t<\/div>\n\t\t\t\t\t<\/div>\n\t\t<\/div>\n\t\t\t\t\t<\/div>\n\t\t<\/section>\n\t\t\t\t<section class=\"elementor-section elementor-top-section elementor-element elementor-element-3a95c38 elementor-section-content-middle elementor-section-boxed elementor-section-height-default elementor-section-height-default\" data-id=\"3a95c38\" data-element_type=\"section\" data-e-type=\"section\">\n\t\t\t\t\t\t<div class=\"elementor-container elementor-column-gap-no\">\n\t\t\t\t\t<div class=\"elementor-column elementor-col-100 elementor-top-column elementor-element elementor-element-8a66bca\" data-id=\"8a66bca\" data-element_type=\"column\" data-e-type=\"column\">\n\t\t\t<div class=\"elementor-widget-wrap elementor-element-populated\">\n\t\t\t\t\t\t<div class=\"elementor-element elementor-element-5050b7c elementor-widget elementor-widget-menu-anchor\" data-id=\"5050b7c\" data-element_type=\"widget\" data-e-type=\"widget\" data-widget_type=\"menu-anchor.default\">\n\t\t\t\t<div class=\"elementor-widget-container\">\n\t\t\t\t\t\t\t<div class=\"elementor-menu-anchor\" id=\"contributor2021\"><\/div>\n\t\t\t\t\t\t<\/div>\n\t\t\t\t<\/div>\n\t\t\t\t<div class=\"elementor-element elementor-element-f835a44 elementor-widget elementor-widget-spacer\" data-id=\"f835a44\" data-element_type=\"widget\" data-e-type=\"widget\" data-widget_type=\"spacer.default\">\n\t\t\t\t<div class=\"elementor-widget-container\">\n\t\t\t\t\t\t\t<div class=\"elementor-spacer\">\n\t\t\t<div class=\"elementor-spacer-inner\"><\/div>\n\t\t<\/div>\n\t\t\t\t\t\t<\/div>\n\t\t\t\t<\/div>\n\t\t\t\t<div class=\"elementor-element elementor-element-58c5c3e elementor-widget elementor-widget-heading\" data-id=\"58c5c3e\" data-element_type=\"widget\" data-e-type=\"widget\" data-widget_type=\"heading.default\">\n\t\t\t\t<div class=\"elementor-widget-container\">\n\t\t\t\t\t<h4 class=\"elementor-heading-title elementor-size-default\">Plant 2026<\/h4>\t\t\t\t<\/div>\n\t\t\t\t<\/div>\n\t\t\t\t<div class=\"elementor-element elementor-element-34b2fb2 elementor-widget elementor-widget-heading\" data-id=\"34b2fb2\" data-element_type=\"widget\" data-e-type=\"widget\" data-widget_type=\"heading.default\">\n\t\t\t\t<div class=\"elementor-widget-container\">\n\t\t\t\t\t<h3 class=\"elementor-heading-title elementor-size-default\">Contributor<\/h3>\t\t\t\t<\/div>\n\t\t\t\t<\/div>\n\t\t\t\t\t<\/div>\n\t\t<\/div>\n\t\t\t\t\t<\/div>\n\t\t<\/section>\n\t\t\t\t<section class=\"elementor-section elementor-top-section elementor-element elementor-element-55529a3 elementor-section-boxed elementor-section-height-default elementor-section-height-default\" data-id=\"55529a3\" data-element_type=\"section\" data-e-type=\"section\">\n\t\t\t\t\t\t<div class=\"elementor-container elementor-column-gap-default\">\n\t\t\t\t\t<div class=\"elementor-column elementor-col-100 elementor-top-column elementor-element elementor-element-0c7bc70\" data-id=\"0c7bc70\" data-element_type=\"column\" data-e-type=\"column\">\n\t\t\t<div class=\"elementor-widget-wrap elementor-element-populated\">\n\t\t\t\t\t\t<div class=\"elementor-element elementor-element-7b1fda4 elementor-widget elementor-widget-heading\" data-id=\"7b1fda4\" data-element_type=\"widget\" data-e-type=\"widget\" data-widget_type=\"heading.default\">\n\t\t\t\t<div class=\"elementor-widget-container\">\n\t\t\t\t\t<h4 class=\"elementor-heading-title elementor-size-default\">People and their actors<\/h4>\t\t\t\t<\/div>\n\t\t\t\t<\/div>\n\t\t\t\t<div class=\"elementor-element elementor-element-8a19c9f elementor-widget elementor-widget-accordion\" data-id=\"8a19c9f\" data-element_type=\"widget\" data-e-type=\"widget\" data-widget_type=\"accordion.default\">\n\t\t\t\t<div class=\"elementor-widget-container\">\n\t\t\t\t\t\t\t<div class=\"elementor-accordion\">\n\t\t\t\t\t\t\t<div class=\"elementor-accordion-item\">\n\t\t\t\t\t<div id=\"elementor-tab-title-1441\" class=\"elementor-tab-title\" data-tab=\"1\" role=\"button\" aria-controls=\"elementor-tab-content-1441\" aria-expanded=\"false\">\n\t\t\t\t\t\t\t\t\t\t\t\t\t<span class=\"elementor-accordion-icon elementor-accordion-icon-left\" aria-hidden=\"true\">\n\t\t\t\t\t\t\t\t\t\t\t\t\t\t\t<span class=\"elementor-accordion-icon-closed\"><svg class=\"e-font-icon-svg e-fas-plus\" viewBox=\"0 0 448 512\" xmlns=\"http:\/\/www.w3.org\/2000\/svg\"><path d=\"M416 208H272V64c0-17.67-14.33-32-32-32h-32c-17.67 0-32 14.33-32 32v144H32c-17.67 0-32 14.33-32 32v32c0 17.67 14.33 32 32 32h144v144c0 17.67 14.33 32 32 32h32c17.67 0 32-14.33 32-32V304h144c17.67 0 32-14.33 32-32v-32c0-17.67-14.33-32-32-32z\"><\/path><\/svg><\/span>\n\t\t\t\t\t\t\t\t<span class=\"elementor-accordion-icon-opened\"><svg class=\"e-font-icon-svg e-fas-minus\" viewBox=\"0 0 448 512\" xmlns=\"http:\/\/www.w3.org\/2000\/svg\"><path d=\"M416 208H32c-17.67 0-32 14.33-32 32v32c0 17.67 14.33 32 32 32h384c17.67 0 32-14.33 32-32v-32c0-17.67-14.33-32-32-32z\"><\/path><\/svg><\/span>\n\t\t\t\t\t\t\t\t\t\t\t\t\t\t<\/span>\n\t\t\t\t\t\t\t\t\t\t\t\t<a class=\"elementor-accordion-title\" tabindex=\"0\">Maria<\/a>\n\t\t\t\t\t<\/div>\n\t\t\t\t\t<div id=\"elementor-tab-content-1441\" class=\"elementor-tab-content elementor-clearfix\" data-tab=\"1\" role=\"region\" aria-labelledby=\"elementor-tab-title-1441\"><p><img data-dominant-color=\"806560\" data-has-transparency=\"false\" loading=\"lazy\" decoding=\"async\" class=\"alignleft wp-image-9879 size-medium not-transparent\" style=\"--dominant-color: #806560; color: var( --e-global-color-primary );\" src=\"https:\/\/www.salzburgeradventsingen.at\/wp-content\/uploads\/2024\/01\/Bild_2024-01-15_122936651-205x300.png\" alt=\"\" width=\"205\" height=\"300\" srcset=\"https:\/\/www.salzburgeradventsingen.at\/wp-content\/uploads\/2024\/01\/Bild_2024-01-15_122936651-205x300.png 205w, https:\/\/www.salzburgeradventsingen.at\/wp-content\/uploads\/2024\/01\/Bild_2024-01-15_122936651-699x1024.png 699w, https:\/\/www.salzburgeradventsingen.at\/wp-content\/uploads\/2024\/01\/Bild_2024-01-15_122936651-768x1125.png 768w, https:\/\/www.salzburgeradventsingen.at\/wp-content\/uploads\/2024\/01\/Bild_2024-01-15_122936651.png 904w\" sizes=\"(max-width: 205px) 100vw, 205px\" \/><\/p>\n<p><strong>Eva Maria Schinwald<\/strong><\/p>\n<p>made her stage debut in 2013 with the lead role in Adriaan de Wit&#8217;s contemporary opera \u201cDie Kavalleristin\u201d (The Cavalrywoman). In 2014, she was engaged for the first time as \u2018Maria\u2019 in the Salzburg Advent Singing \u201cDer Sterngucker\u201d (The Stargazer) at the Gro\u00dfes Festspielhaus\/Salzburg. In 2017, she delighted audiences in the work \u201cDer blinde Hirte\u201d (The Blind Shepherd) as the soprano in the role of the angel. In 2021, Eva Maria Schinwald charmed audiences as an actress and soloist in the role of \u201cMaria\u201d at the anniversary Advent concert (without an audience due to COVID-19), appeared as \u2018Maria\u2019 in the work \u201cSchnee in Bethlehem\u201d in 2022, and also delighted audiences in this role in 2023.<\/p>\n<p>Concert tours take the lyric soprano to Germany, the Hugo Wolf Festival in Slovenia, and London, where she sang J.S. Bach&#8217;s St. John Passion with the Salzburg Bach Society and the Baroque Orchestra of the Royal School of Music. She has also appeared in numerous stage productions at the Salzburg State Theater and the Salzburg Festival.<\/p>\n<p>Eva Schinwald completed her master&#8217;s degree in singing at the Mozarteum Salzburg with distinction. She has attended international masterclasses with Horiana Branisteanu, Edda Moser, Helena Lazarska, Margreet Honig, Gerhard Kahry, and Wolfgang Holzmair.<br \/>www.evaschinwald.com<\/p>\n<\/div>\n\t\t\t\t<\/div>\n\t\t\t\t\t\t\t<div class=\"elementor-accordion-item\">\n\t\t\t\t\t<div id=\"elementor-tab-title-1442\" class=\"elementor-tab-title\" data-tab=\"2\" role=\"button\" aria-controls=\"elementor-tab-content-1442\" aria-expanded=\"false\">\n\t\t\t\t\t\t\t\t\t\t\t\t\t<span class=\"elementor-accordion-icon elementor-accordion-icon-left\" aria-hidden=\"true\">\n\t\t\t\t\t\t\t\t\t\t\t\t\t\t\t<span class=\"elementor-accordion-icon-closed\"><svg class=\"e-font-icon-svg e-fas-plus\" viewBox=\"0 0 448 512\" xmlns=\"http:\/\/www.w3.org\/2000\/svg\"><path d=\"M416 208H272V64c0-17.67-14.33-32-32-32h-32c-17.67 0-32 14.33-32 32v144H32c-17.67 0-32 14.33-32 32v32c0 17.67 14.33 32 32 32h144v144c0 17.67 14.33 32 32 32h32c17.67 0 32-14.33 32-32V304h144c17.67 0 32-14.33 32-32v-32c0-17.67-14.33-32-32-32z\"><\/path><\/svg><\/span>\n\t\t\t\t\t\t\t\t<span class=\"elementor-accordion-icon-opened\"><svg class=\"e-font-icon-svg e-fas-minus\" viewBox=\"0 0 448 512\" xmlns=\"http:\/\/www.w3.org\/2000\/svg\"><path d=\"M416 208H32c-17.67 0-32 14.33-32 32v32c0 17.67 14.33 32 32 32h384c17.67 0 32-14.33 32-32v-32c0-17.67-14.33-32-32-32z\"><\/path><\/svg><\/span>\n\t\t\t\t\t\t\t\t\t\t\t\t\t\t<\/span>\n\t\t\t\t\t\t\t\t\t\t\t\t<a class=\"elementor-accordion-title\" tabindex=\"0\">Josef<\/a>\n\t\t\t\t\t<\/div>\n\t\t\t\t\t<div id=\"elementor-tab-content-1442\" class=\"elementor-tab-content elementor-clearfix\" data-tab=\"2\" role=\"region\" aria-labelledby=\"elementor-tab-title-1442\"><p><img loading=\"lazy\" decoding=\"async\" class=\"alignleft wp-image-11882 size-medium\" src=\"https:\/\/www.salzburgeradventsingen.at\/wp-content\/uploads\/2025\/10\/jOSEF-scaled-e1761742289534-208x300.jpg\" alt=\"\" width=\"208\" height=\"300\" srcset=\"https:\/\/www.salzburgeradventsingen.at\/wp-content\/uploads\/2025\/10\/jOSEF-scaled-e1761742289534-208x300.jpg 208w, https:\/\/www.salzburgeradventsingen.at\/wp-content\/uploads\/2025\/10\/jOSEF-scaled-e1761742289534-711x1024.jpg 711w, https:\/\/www.salzburgeradventsingen.at\/wp-content\/uploads\/2025\/10\/jOSEF-scaled-e1761742289534-768x1105.jpg 768w, https:\/\/www.salzburgeradventsingen.at\/wp-content\/uploads\/2025\/10\/jOSEF-scaled-e1761742289534-1067x1536.jpg 1067w, https:\/\/www.salzburgeradventsingen.at\/wp-content\/uploads\/2025\/10\/jOSEF-scaled-e1761742289534.jpg 1186w\" sizes=\"(max-width: 208px) 100vw, 208px\" \/> <strong>Johannes Forster (Bariton)<\/strong><\/p>\n<p>Johannes Forster (baritone)<\/p>\n<p>The baritone studied singing with Albert Hartinger and John Thomasson at the Mozarteum in Salzburg.<br \/>He made his stage debut as a boy soprano at the tender age of 10 in the leading role of the children&#8217;s opera Pollicino, and later appeared at the festivals in La Boh\u00e8me and Der Rosenkavalier. The world premiere of Arvo P\u00e4rt&#8217;s Vater unser was also one of his early engagements.<\/p>\n<p>As a male voice, he found his way via the Salzburg male ensemble scene to the vocal ensemble Hohes C, which was crowned World Choir Champion in 2014 and is now also part of the Salzburg Advent Singing. Other ensembles include the Ruperti Viergesang, which focuses on folk music, and Lungo5, which performs in close harmony and barbershop style.<\/p>\n<p>In the staged Salzburg Passion Singing, he took on the leading role of Dismas in 2019 and 2022, and from 2018 to 2024 he appeared as an actor and singer in the Shepherd&#8217;s Advent. As a soloist with the Salzburg Bach Choir, he sang under Howard Arman and in various festival productions. He can also be heard as a lieder singer, interpreting songs by Shane Woodborne and Franz Schubert together with Quadrophonie Salzburg.<\/p>\n<p>The versatile singer moves from Renaissance and Baroque music to Romantic songs and contemporary atonal music, to jazz, pop, and musicals. He shares his knowledge as a vocal coach and choir director at Musikum Salzburg and numerous choirs.<br \/>Masterclasses have brought him into contact with artists such as Wolfgang Holzmair, Sascha Wienhausen, and The King&#8217;s Singers.<\/p>\n<\/div>\n\t\t\t\t<\/div>\n\t\t\t\t\t\t\t<div class=\"elementor-accordion-item\">\n\t\t\t\t\t<div id=\"elementor-tab-title-1443\" class=\"elementor-tab-title\" data-tab=\"3\" role=\"button\" aria-controls=\"elementor-tab-content-1443\" aria-expanded=\"false\">\n\t\t\t\t\t\t\t\t\t\t\t\t\t<span class=\"elementor-accordion-icon elementor-accordion-icon-left\" aria-hidden=\"true\">\n\t\t\t\t\t\t\t\t\t\t\t\t\t\t\t<span class=\"elementor-accordion-icon-closed\"><svg class=\"e-font-icon-svg e-fas-plus\" viewBox=\"0 0 448 512\" xmlns=\"http:\/\/www.w3.org\/2000\/svg\"><path d=\"M416 208H272V64c0-17.67-14.33-32-32-32h-32c-17.67 0-32 14.33-32 32v144H32c-17.67 0-32 14.33-32 32v32c0 17.67 14.33 32 32 32h144v144c0 17.67 14.33 32 32 32h32c17.67 0 32-14.33 32-32V304h144c17.67 0 32-14.33 32-32v-32c0-17.67-14.33-32-32-32z\"><\/path><\/svg><\/span>\n\t\t\t\t\t\t\t\t<span class=\"elementor-accordion-icon-opened\"><svg class=\"e-font-icon-svg e-fas-minus\" viewBox=\"0 0 448 512\" xmlns=\"http:\/\/www.w3.org\/2000\/svg\"><path d=\"M416 208H32c-17.67 0-32 14.33-32 32v32c0 17.67 14.33 32 32 32h384c17.67 0 32-14.33 32-32v-32c0-17.67-14.33-32-32-32z\"><\/path><\/svg><\/span>\n\t\t\t\t\t\t\t\t\t\t\t\t\t\t<\/span>\n\t\t\t\t\t\t\t\t\t\t\t\t<a class=\"elementor-accordion-title\" tabindex=\"0\">Angel<\/a>\n\t\t\t\t\t<\/div>\n\t\t\t\t\t<div id=\"elementor-tab-content-1443\" class=\"elementor-tab-content elementor-clearfix\" data-tab=\"3\" role=\"region\" aria-labelledby=\"elementor-tab-title-1443\"><p><img loading=\"lazy\" decoding=\"async\" class=\"alignleft wp-image-11515 size-medium\" src=\"https:\/\/www.salzburgeradventsingen.at\/wp-content\/uploads\/2025\/03\/Adventsingen20241122151_Kopie-1-scaled-e1742310165379-228x300.jpg\" alt=\"\" width=\"228\" height=\"300\" srcset=\"https:\/\/www.salzburgeradventsingen.at\/wp-content\/uploads\/2025\/03\/Adventsingen20241122151_Kopie-1-scaled-e1742310165379-228x300.jpg 228w, https:\/\/www.salzburgeradventsingen.at\/wp-content\/uploads\/2025\/03\/Adventsingen20241122151_Kopie-1-scaled-e1742310165379-778x1024.jpg 778w, https:\/\/www.salzburgeradventsingen.at\/wp-content\/uploads\/2025\/03\/Adventsingen20241122151_Kopie-1-scaled-e1742310165379-768x1011.jpg 768w, https:\/\/www.salzburgeradventsingen.at\/wp-content\/uploads\/2025\/03\/Adventsingen20241122151_Kopie-1-scaled-e1742310165379.jpg 1028w\" sizes=\"(max-width: 228px) 100vw, 228px\" \/> <strong>Elisabeth Eder-Marb\u00f6ck (Soprano)<\/strong><\/p>\n<p>Elisabeth Eder, a native of Salzburg, is a soprano, harpist, musicologist, and teacher who grew up in Gro\u00dfarl in the Pongau region. She has been performing the role of the angel as a soprano soloist since 2018.<br \/>She completed her artistic, pedagogical, scientific, and music physiological training (concert performance, IGP studies, teaching, music physiology, university didactics, PhD studies) at the Mozarteum University Salzburg, Paris Lodron University Salzburg, the Guildhall School of Music and Drama in London, and the University of Music and Performing Arts Vienna (all eight degrees and academic qualifications with distinction, as well as two university courses). She received the Award of Excellence 2022 (state prize for the best doctoral theses in Austria) for her doctoral thesis. In November 2023, on the occasion of her doctorate sub auspiciis at the Mozarteum University, she was awarded the Ring of Honor of the Republic of Austria by Federal President Alexander Van der Bellen.<br \/>Elisabeth Eder teaches singing and educational science courses at the Mozarteum University Salzburg. Artistically, she demonstrates her versatility as a soloist, chamber musician, and with various orchestras and choirs at the national and international level. As a soprano soloist, she performs regularly at Salzburg Cathedral and in various concert and opera projects. As a harpist, she plays regularly at the Salzburg Philharmonic, has won first prizes at international and national competitions, and has played with many renowned orchestras at home and abroad, such as the London Symphony Orchestra under Sir Simon Rattle. Concert tours have taken her to the Elbphilharmonie Hamburg, Barbican Hall London, the opera houses of Verona and Milan, the St. Petersburg State Academic Capella, and many other venues.<br \/>Website: www.elisabeth-eder.at<br \/>www.elisabeth-eder.at<\/p>\n<p>&nbsp;<\/p>\n<\/div>\n\t\t\t\t<\/div>\n\t\t\t\t\t\t\t<div class=\"elementor-accordion-item\">\n\t\t\t\t\t<div id=\"elementor-tab-title-1444\" class=\"elementor-tab-title\" data-tab=\"4\" role=\"button\" aria-controls=\"elementor-tab-content-1444\" aria-expanded=\"false\">\n\t\t\t\t\t\t\t\t\t\t\t\t\t<span class=\"elementor-accordion-icon elementor-accordion-icon-left\" aria-hidden=\"true\">\n\t\t\t\t\t\t\t\t\t\t\t\t\t\t\t<span class=\"elementor-accordion-icon-closed\"><svg class=\"e-font-icon-svg e-fas-plus\" viewBox=\"0 0 448 512\" xmlns=\"http:\/\/www.w3.org\/2000\/svg\"><path d=\"M416 208H272V64c0-17.67-14.33-32-32-32h-32c-17.67 0-32 14.33-32 32v144H32c-17.67 0-32 14.33-32 32v32c0 17.67 14.33 32 32 32h144v144c0 17.67 14.33 32 32 32h32c17.67 0 32-14.33 32-32V304h144c17.67 0 32-14.33 32-32v-32c0-17.67-14.33-32-32-32z\"><\/path><\/svg><\/span>\n\t\t\t\t\t\t\t\t<span class=\"elementor-accordion-icon-opened\"><svg class=\"e-font-icon-svg e-fas-minus\" viewBox=\"0 0 448 512\" xmlns=\"http:\/\/www.w3.org\/2000\/svg\"><path d=\"M416 208H32c-17.67 0-32 14.33-32 32v32c0 17.67 14.33 32 32 32h384c17.67 0 32-14.33 32-32v-32c0-17.67-14.33-32-32-32z\"><\/path><\/svg><\/span>\n\t\t\t\t\t\t\t\t\t\t\t\t\t\t<\/span>\n\t\t\t\t\t\t\t\t\t\t\t\t<a class=\"elementor-accordion-title\" tabindex=\"0\">The Blind Shepherd<\/a>\n\t\t\t\t\t<\/div>\n\t\t\t\t\t<div id=\"elementor-tab-content-1444\" class=\"elementor-tab-content elementor-clearfix\" data-tab=\"4\" role=\"region\" aria-labelledby=\"elementor-tab-title-1444\"><p><img loading=\"lazy\" decoding=\"async\" class=\"alignleft wp-image-11965 size-medium\" src=\"https:\/\/www.salzburgeradventsingen.at\/wp-content\/uploads\/2025\/12\/SalzburgerAdventsingen20251121105-scaled-e1764960570963-198x300.jpg\" alt=\"\" width=\"198\" height=\"300\" srcset=\"https:\/\/www.salzburgeradventsingen.at\/wp-content\/uploads\/2025\/12\/SalzburgerAdventsingen20251121105-scaled-e1764960570963-198x300.jpg 198w, https:\/\/www.salzburgeradventsingen.at\/wp-content\/uploads\/2025\/12\/SalzburgerAdventsingen20251121105-scaled-e1764960570963-675x1024.jpg 675w, https:\/\/www.salzburgeradventsingen.at\/wp-content\/uploads\/2025\/12\/SalzburgerAdventsingen20251121105-scaled-e1764960570963-768x1164.jpg 768w, https:\/\/www.salzburgeradventsingen.at\/wp-content\/uploads\/2025\/12\/SalzburgerAdventsingen20251121105-scaled-e1764960570963-1013x1536.jpg 1013w, https:\/\/www.salzburgeradventsingen.at\/wp-content\/uploads\/2025\/12\/SalzburgerAdventsingen20251121105-scaled-e1764960570963.jpg 1126w\" sizes=\"(max-width: 198px) 100vw, 198px\" \/>\u00a0<strong>Edwin Hochmuth<\/strong><\/p>\n<p>Edwin Hochmuth, a certified social worker and Tyrolean actor, completed his acting training in 2006 at the Sachers Acting School in Innsbruck. Since then, he has appeared on many stages. Important milestones include the Tyrolean State Theater, the Kellertheater in Innsbruck, the Theater in Effingerstra\u00dfe in Bern, the Tyrolean Folk Theater in Telfs, and many more. He has also appeared in various TV and film productions. In addition to his passion for acting, Edwin also works as a social worker at the Axams State Children&#8217;s Home.<\/p>\n<p>Since August 2023, he has been directing the Tyrolean theater festival \u201cStummer Schrei\u201d (Silent Cry).<br \/>Hochmuth made his first appearance at the Salzburg Advent Singing in 2012. In 2018, he was hired for the role of the shepherd Jaggerl. Since then, he has been traveling with the shepherd children every year at the Salzburg Advent Singing. He and the children enjoy working together so much that he always looks forward to coming back to Salzburg.<\/p>\n<p>http:\/\/www.edwin-hochmuth.at<\/p>\n<p><a href=\"http:\/\/www.edwin-hochmuth.at\/\" target=\"_blank\" rel=\"noopener noreferrer nofollow\">http:\/\/www.edwin-hochmuth.at<\/a><\/p>\n<\/div>\n\t\t\t\t<\/div>\n\t\t\t\t\t\t\t<div class=\"elementor-accordion-item\">\n\t\t\t\t\t<div id=\"elementor-tab-title-1445\" class=\"elementor-tab-title\" data-tab=\"5\" role=\"button\" aria-controls=\"elementor-tab-content-1445\" aria-expanded=\"false\">\n\t\t\t\t\t\t\t\t\t\t\t\t\t<span class=\"elementor-accordion-icon elementor-accordion-icon-left\" aria-hidden=\"true\">\n\t\t\t\t\t\t\t\t\t\t\t\t\t\t\t<span class=\"elementor-accordion-icon-closed\"><svg class=\"e-font-icon-svg e-fas-plus\" viewBox=\"0 0 448 512\" xmlns=\"http:\/\/www.w3.org\/2000\/svg\"><path d=\"M416 208H272V64c0-17.67-14.33-32-32-32h-32c-17.67 0-32 14.33-32 32v144H32c-17.67 0-32 14.33-32 32v32c0 17.67 14.33 32 32 32h144v144c0 17.67 14.33 32 32 32h32c17.67 0 32-14.33 32-32V304h144c17.67 0 32-14.33 32-32v-32c0-17.67-14.33-32-32-32z\"><\/path><\/svg><\/span>\n\t\t\t\t\t\t\t\t<span class=\"elementor-accordion-icon-opened\"><svg class=\"e-font-icon-svg e-fas-minus\" viewBox=\"0 0 448 512\" xmlns=\"http:\/\/www.w3.org\/2000\/svg\"><path d=\"M416 208H32c-17.67 0-32 14.33-32 32v32c0 17.67 14.33 32 32 32h384c17.67 0 32-14.33 32-32v-32c0-17.67-14.33-32-32-32z\"><\/path><\/svg><\/span>\n\t\t\t\t\t\t\t\t\t\t\t\t\t\t<\/span>\n\t\t\t\t\t\t\t\t\t\t\t\t<a class=\"elementor-accordion-title\" tabindex=\"0\">Landlady<\/a>\n\t\t\t\t\t<\/div>\n\t\t\t\t\t<div id=\"elementor-tab-content-1445\" class=\"elementor-tab-content elementor-clearfix\" data-tab=\"5\" role=\"region\" aria-labelledby=\"elementor-tab-title-1445\"><p><strong><img loading=\"lazy\" decoding=\"async\" class=\"alignleft wp-image-11960 size-medium\" src=\"https:\/\/www.salzburgeradventsingen.at\/wp-content\/uploads\/2025\/12\/Bild_2025-12-05_194616861-239x300.png\" alt=\"\" width=\"239\" height=\"300\" srcset=\"https:\/\/www.salzburgeradventsingen.at\/wp-content\/uploads\/2025\/12\/Bild_2025-12-05_194616861-239x300.png 239w, https:\/\/www.salzburgeradventsingen.at\/wp-content\/uploads\/2025\/12\/Bild_2025-12-05_194616861.png 720w\" sizes=\"(max-width: 239px) 100vw, 239px\" \/>Marcella Wieland<\/strong><\/p>\n<p>Her passion for theater was ignited in 2012 by the Lungau Cultural Association&#8217;s \u201cTheater Mokrit.\u201d Since then, she has appeared in many productions such as Tann\u00f6d, Ein Jedermann, 8 Frauen, and many more. The actress made her debut at the Salzburg Advent Singing in 2023 in the role of Maria&#8217;s mother Anna. This time, she will embody a completely different role as a landlady.<\/p>\n<p>She has been on stage with the ensemble for puppet and children&#8217;s theater since 2018 and tours throughout Austria with changing productions. Theater Mokrit and the Lungau Cultural Association around Robert Wimmer have always promoted and supported her passion for theater. The cultural association is her valuable source of inspiration and employer. Marcella Wieland will complete her training as a theater educator in Innsbruck in the spring of 2023.<\/p>\n<p>Marcella Wieland began her professional career as a family helper, a position she held for many years. She then passed the exam to become a naturopath in Munich. After spending time in South Africa and the city of Salzburg, she moved to Lungau in Salzburg in 2008. She runs a practice in Unternberg and, in addition to individual coaching, offers the workshop \u201cMentoring for Women,\u201d which she also holds regularly in the city of Salzburg.<\/p>\n<\/div>\n\t\t\t\t<\/div>\n\t\t\t\t\t\t\t<div class=\"elementor-accordion-item\">\n\t\t\t\t\t<div id=\"elementor-tab-title-1446\" class=\"elementor-tab-title\" data-tab=\"6\" role=\"button\" aria-controls=\"elementor-tab-content-1446\" aria-expanded=\"false\">\n\t\t\t\t\t\t\t\t\t\t\t\t\t<span class=\"elementor-accordion-icon elementor-accordion-icon-left\" aria-hidden=\"true\">\n\t\t\t\t\t\t\t\t\t\t\t\t\t\t\t<span class=\"elementor-accordion-icon-closed\"><svg class=\"e-font-icon-svg e-fas-plus\" viewBox=\"0 0 448 512\" xmlns=\"http:\/\/www.w3.org\/2000\/svg\"><path d=\"M416 208H272V64c0-17.67-14.33-32-32-32h-32c-17.67 0-32 14.33-32 32v144H32c-17.67 0-32 14.33-32 32v32c0 17.67 14.33 32 32 32h144v144c0 17.67 14.33 32 32 32h32c17.67 0 32-14.33 32-32V304h144c17.67 0 32-14.33 32-32v-32c0-17.67-14.33-32-32-32z\"><\/path><\/svg><\/span>\n\t\t\t\t\t\t\t\t<span class=\"elementor-accordion-icon-opened\"><svg class=\"e-font-icon-svg e-fas-minus\" viewBox=\"0 0 448 512\" xmlns=\"http:\/\/www.w3.org\/2000\/svg\"><path d=\"M416 208H32c-17.67 0-32 14.33-32 32v32c0 17.67 14.33 32 32 32h384c17.67 0 32-14.33 32-32v-32c0-17.67-14.33-32-32-32z\"><\/path><\/svg><\/span>\n\t\t\t\t\t\t\t\t\t\t\t\t\t\t<\/span>\n\t\t\t\t\t\t\t\t\t\t\t\t<a class=\"elementor-accordion-title\" tabindex=\"0\">Salzburg shepherd children<\/a>\n\t\t\t\t\t<\/div>\n\t\t\t\t\t<div id=\"elementor-tab-content-1446\" class=\"elementor-tab-content elementor-clearfix\" data-tab=\"6\" role=\"region\" aria-labelledby=\"elementor-tab-title-1446\"><p data-wp-editing=\"1\"><img loading=\"lazy\" decoding=\"async\" class=\"aligncenter wp-image-11827 size-full\" src=\"https:\/\/www.salzburgeradventsingen.at\/wp-content\/uploads\/2025\/09\/DSC_5204-e1757514068817.jpg\" alt=\"\" width=\"1607\" height=\"697\" srcset=\"https:\/\/www.salzburgeradventsingen.at\/wp-content\/uploads\/2025\/09\/DSC_5204-e1757514068817.jpg 1607w, https:\/\/www.salzburgeradventsingen.at\/wp-content\/uploads\/2025\/09\/DSC_5204-e1757514068817-300x130.jpg 300w, https:\/\/www.salzburgeradventsingen.at\/wp-content\/uploads\/2025\/09\/DSC_5204-e1757514068817-1024x444.jpg 1024w, https:\/\/www.salzburgeradventsingen.at\/wp-content\/uploads\/2025\/09\/DSC_5204-e1757514068817-768x333.jpg 768w, https:\/\/www.salzburgeradventsingen.at\/wp-content\/uploads\/2025\/09\/DSC_5204-e1757514068817-1536x666.jpg 1536w\" sizes=\"(max-width: 1607px) 100vw, 1607px\" \/><\/p>\n<p><b data-ec8127d4-7447-423e-a09f-f091654c664b-14=\"true\">Salzburger Hirtenkinder 2025<br data-ec8127d4-7447-423e-a09f-f091654c664b-16=\"true\" \/><\/b>Valentin Aster (Trompete)<br data-ec8127d4-7447-423e-a09f-f091654c664b-18=\"true\" \/>Lisa Brunauer (Querfl\u00f6te)<br data-ec8127d4-7447-423e-a09f-f091654c664b-20=\"true\" \/>Marina Buchst\u00e4tter (Querfl\u00f6te)<br data-ec8127d4-7447-423e-a09f-f091654c664b-22=\"true\" \/>Hannah Marie Fuchs (Geige)<br data-ec8127d4-7447-423e-a09f-f091654c664b-24=\"true\" \/>Marlene Fuchsberger (Hackbrett)<br data-ec8127d4-7447-423e-a09f-f091654c664b-26=\"true\" \/>Philomena Greinz (Hackbrett)<br data-ec8127d4-7447-423e-a09f-f091654c664b-28=\"true\" \/>Lara Illek (Blockfl\u00f6te)<br data-ec8127d4-7447-423e-a09f-f091654c664b-30=\"true\" \/>Lea Kniewasser (Klarinette)<br data-ec8127d4-7447-423e-a09f-f091654c664b-32=\"true\" \/>Valentina K\u00f6ltringer (Geige)<br data-ec8127d4-7447-423e-a09f-f091654c664b-34=\"true\" \/>Matthias Leym\u00fcller (Kontrabass)<br data-ec8127d4-7447-423e-a09f-f091654c664b-36=\"true\" \/>Niklas Mischkulnig (Geige)<br data-ec8127d4-7447-423e-a09f-f091654c664b-38=\"true\" \/>Jana Neuherz (Querfl\u00f6te)<br data-ec8127d4-7447-423e-a09f-f091654c664b-40=\"true\" \/>Barbara Neureiter (Blockfl\u00f6te)<br data-ec8127d4-7447-423e-a09f-f091654c664b-42=\"true\" \/>Sophia Rosenberger (Geige)<br data-ec8127d4-7447-423e-a09f-f091654c664b-44=\"true\" \/>Mateo Schauer-Prenninger (Harmonika)<br data-ec8127d4-7447-423e-a09f-f091654c664b-46=\"true\" \/>Luis Schinagl (Trompete)<br data-ec8127d4-7447-423e-a09f-f091654c664b-48=\"true\" \/>Philipp Stadler (Harmonika)<\/p>\n<\/div>\n\t\t\t\t<\/div>\n\t\t\t\t\t\t\t<div class=\"elementor-accordion-item\">\n\t\t\t\t\t<div id=\"elementor-tab-title-1447\" class=\"elementor-tab-title\" data-tab=\"7\" role=\"button\" aria-controls=\"elementor-tab-content-1447\" aria-expanded=\"false\">\n\t\t\t\t\t\t\t\t\t\t\t\t\t<span class=\"elementor-accordion-icon elementor-accordion-icon-left\" aria-hidden=\"true\">\n\t\t\t\t\t\t\t\t\t\t\t\t\t\t\t<span class=\"elementor-accordion-icon-closed\"><svg class=\"e-font-icon-svg e-fas-plus\" viewBox=\"0 0 448 512\" xmlns=\"http:\/\/www.w3.org\/2000\/svg\"><path d=\"M416 208H272V64c0-17.67-14.33-32-32-32h-32c-17.67 0-32 14.33-32 32v144H32c-17.67 0-32 14.33-32 32v32c0 17.67 14.33 32 32 32h144v144c0 17.67 14.33 32 32 32h32c17.67 0 32-14.33 32-32V304h144c17.67 0 32-14.33 32-32v-32c0-17.67-14.33-32-32-32z\"><\/path><\/svg><\/span>\n\t\t\t\t\t\t\t\t<span class=\"elementor-accordion-icon-opened\"><svg class=\"e-font-icon-svg e-fas-minus\" viewBox=\"0 0 448 512\" xmlns=\"http:\/\/www.w3.org\/2000\/svg\"><path d=\"M416 208H32c-17.67 0-32 14.33-32 32v32c0 17.67 14.33 32 32 32h384c17.67 0 32-14.33 32-32v-32c0-17.67-14.33-32-32-32z\"><\/path><\/svg><\/span>\n\t\t\t\t\t\t\t\t\t\t\t\t\t\t<\/span>\n\t\t\t\t\t\t\t\t\t\t\t\t<a class=\"elementor-accordion-title\" tabindex=\"0\">Rehearsal, supervision<\/a>\n\t\t\t\t\t<\/div>\n\t\t\t\t\t<div id=\"elementor-tab-content-1447\" class=\"elementor-tab-content elementor-clearfix\" data-tab=\"7\" role=\"region\" aria-labelledby=\"elementor-tab-title-1447\"><p><img loading=\"lazy\" decoding=\"async\" class=\"aligncenter wp-image-11829 size-full\" src=\"https:\/\/www.salzburgeradventsingen.at\/wp-content\/uploads\/2025\/09\/betreuer-hirtenkinder-e1757514131160.jpg\" alt=\"\" width=\"1717\" height=\"843\" srcset=\"https:\/\/www.salzburgeradventsingen.at\/wp-content\/uploads\/2025\/09\/betreuer-hirtenkinder-e1757514131160.jpg 1717w, https:\/\/www.salzburgeradventsingen.at\/wp-content\/uploads\/2025\/09\/betreuer-hirtenkinder-e1757514131160-300x147.jpg 300w, https:\/\/www.salzburgeradventsingen.at\/wp-content\/uploads\/2025\/09\/betreuer-hirtenkinder-e1757514131160-1024x503.jpg 1024w, https:\/\/www.salzburgeradventsingen.at\/wp-content\/uploads\/2025\/09\/betreuer-hirtenkinder-e1757514131160-768x377.jpg 768w, https:\/\/www.salzburgeradventsingen.at\/wp-content\/uploads\/2025\/09\/betreuer-hirtenkinder-e1757514131160-1536x754.jpg 1536w\" sizes=\"(max-width: 1717px) 100vw, 1717px\" \/><\/p>\n<p class=\"p1\">v. l.: Markus Helminger, Gerda Gratzer, Elena Seywald, Gudrun K\u00f6hl-Korbuly, Hans K\u00f6hl<\/p>\n<\/div>\n\t\t\t\t<\/div>\n\t\t\t\t\t\t\t\t<\/div>\n\t\t\t\t\t\t<\/div>\n\t\t\t\t<\/div>\n\t\t\t\t\t<\/div>\n\t\t<\/div>\n\t\t\t\t\t<\/div>\n\t\t<\/section>\n\t\t\t\t<section class=\"elementor-section elementor-top-section elementor-element elementor-element-9570eae elementor-section-boxed elementor-section-height-default elementor-section-height-default\" data-id=\"9570eae\" data-element_type=\"section\" data-e-type=\"section\">\n\t\t\t\t\t\t<div class=\"elementor-container elementor-column-gap-default\">\n\t\t\t\t\t<div class=\"elementor-column elementor-col-100 elementor-top-column elementor-element elementor-element-85f4852\" data-id=\"85f4852\" data-element_type=\"column\" data-e-type=\"column\">\n\t\t\t<div class=\"elementor-widget-wrap elementor-element-populated\">\n\t\t\t\t\t\t<div class=\"elementor-element elementor-element-c5ea85a elementor-widget elementor-widget-heading\" data-id=\"c5ea85a\" data-element_type=\"widget\" data-e-type=\"widget\" data-widget_type=\"heading.default\">\n\t\t\t\t<div class=\"elementor-widget-container\">\n\t\t\t\t\t<h4 class=\"elementor-heading-title elementor-size-default\">Vocal ensembles<\/h4>\t\t\t\t<\/div>\n\t\t\t\t<\/div>\n\t\t\t\t<div class=\"elementor-element elementor-element-895cc79 elementor-widget elementor-widget-accordion\" data-id=\"895cc79\" data-element_type=\"widget\" data-e-type=\"widget\" data-widget_type=\"accordion.default\">\n\t\t\t\t<div class=\"elementor-widget-container\">\n\t\t\t\t\t\t\t<div class=\"elementor-accordion\">\n\t\t\t\t\t\t\t<div class=\"elementor-accordion-item\">\n\t\t\t\t\t<div id=\"elementor-tab-title-1441\" class=\"elementor-tab-title\" data-tab=\"1\" role=\"button\" aria-controls=\"elementor-tab-content-1441\" aria-expanded=\"false\">\n\t\t\t\t\t\t\t\t\t\t\t\t\t<span class=\"elementor-accordion-icon elementor-accordion-icon-left\" aria-hidden=\"true\">\n\t\t\t\t\t\t\t\t\t\t\t\t\t\t\t<span class=\"elementor-accordion-icon-closed\"><svg class=\"e-font-icon-svg e-fas-plus\" viewBox=\"0 0 448 512\" xmlns=\"http:\/\/www.w3.org\/2000\/svg\"><path d=\"M416 208H272V64c0-17.67-14.33-32-32-32h-32c-17.67 0-32 14.33-32 32v144H32c-17.67 0-32 14.33-32 32v32c0 17.67 14.33 32 32 32h144v144c0 17.67 14.33 32 32 32h32c17.67 0 32-14.33 32-32V304h144c17.67 0 32-14.33 32-32v-32c0-17.67-14.33-32-32-32z\"><\/path><\/svg><\/span>\n\t\t\t\t\t\t\t\t<span class=\"elementor-accordion-icon-opened\"><svg class=\"e-font-icon-svg e-fas-minus\" viewBox=\"0 0 448 512\" xmlns=\"http:\/\/www.w3.org\/2000\/svg\"><path d=\"M416 208H32c-17.67 0-32 14.33-32 32v32c0 17.67 14.33 32 32 32h384c17.67 0 32-14.33 32-32v-32c0-17.67-14.33-32-32-32z\"><\/path><\/svg><\/span>\n\t\t\t\t\t\t\t\t\t\t\t\t\t\t<\/span>\n\t\t\t\t\t\t\t\t\t\t\t\t<a class=\"elementor-accordion-title\" tabindex=\"0\">Salzburg Folk Song Choir<\/a>\n\t\t\t\t\t<\/div>\n\t\t\t\t\t<div id=\"elementor-tab-content-1441\" class=\"elementor-tab-content elementor-clearfix\" data-tab=\"1\" role=\"region\" aria-labelledby=\"elementor-tab-title-1441\"><p><img loading=\"lazy\" decoding=\"async\" class=\"wp-image-7126 size-large\" src=\"https:\/\/www.salzburgeradventsingen.at\/wp-content\/uploads\/Chor-1024x427.jpg\" alt=\"\" width=\"1024\" height=\"427\" srcset=\"https:\/\/www.salzburgeradventsingen.at\/wp-content\/uploads\/Chor-1024x427.jpg 1024w, https:\/\/www.salzburgeradventsingen.at\/wp-content\/uploads\/Chor-300x125.jpg 300w, https:\/\/www.salzburgeradventsingen.at\/wp-content\/uploads\/Chor-768x320.jpg 768w, https:\/\/www.salzburgeradventsingen.at\/wp-content\/uploads\/Chor-1536x640.jpg 1536w, https:\/\/www.salzburgeradventsingen.at\/wp-content\/uploads\/Chor.jpg 1920w\" sizes=\"(max-width: 1024px) 100vw, 1024px\" \/><\/p>\n<p><strong>The Salzburg Folk Song Choir<\/strong><\/p>\n<p>80 singers<\/p>\n<p>Rehearsal and direction: Martin Fuchsberger<\/p>\n<p>The Salzburg Folk Song Choir has been an important pillar of the Salzburg Advent Singing since 1950. Generations of outstanding singers have testified to the high vocal quality of this traditional ensemble.<\/p>\n<p>From 1950 to 2025, the choir has been conducted by three generations of the Dengg family: Sepp Dengg, Harald Dengg, and Burgi V\u00f6tterl. In 2025, Martin Fuchsberger will take over as artistic director, marking the beginning of a new era. Since 2007, the organizational management has been in the capable hands of Berta Wagner.<\/p>\n<p>Under the Advent singing baton of Herbert B\u00f6ck (since 2001), this choir community of around 80 members blossoms into a very special form of excellence every year in the Gro\u00dfes Festspielhaus.<\/p>\n<p>www.salzburgervolksliedchor.at<\/p>\n<\/div>\n\t\t\t\t<\/div>\n\t\t\t\t\t\t\t<div class=\"elementor-accordion-item\">\n\t\t\t\t\t<div id=\"elementor-tab-title-1442\" class=\"elementor-tab-title\" data-tab=\"2\" role=\"button\" aria-controls=\"elementor-tab-content-1442\" aria-expanded=\"false\">\n\t\t\t\t\t\t\t\t\t\t\t\t\t<span class=\"elementor-accordion-icon elementor-accordion-icon-left\" aria-hidden=\"true\">\n\t\t\t\t\t\t\t\t\t\t\t\t\t\t\t<span class=\"elementor-accordion-icon-closed\"><svg class=\"e-font-icon-svg e-fas-plus\" viewBox=\"0 0 448 512\" xmlns=\"http:\/\/www.w3.org\/2000\/svg\"><path d=\"M416 208H272V64c0-17.67-14.33-32-32-32h-32c-17.67 0-32 14.33-32 32v144H32c-17.67 0-32 14.33-32 32v32c0 17.67 14.33 32 32 32h144v144c0 17.67 14.33 32 32 32h32c17.67 0 32-14.33 32-32V304h144c17.67 0 32-14.33 32-32v-32c0-17.67-14.33-32-32-32z\"><\/path><\/svg><\/span>\n\t\t\t\t\t\t\t\t<span class=\"elementor-accordion-icon-opened\"><svg class=\"e-font-icon-svg e-fas-minus\" viewBox=\"0 0 448 512\" xmlns=\"http:\/\/www.w3.org\/2000\/svg\"><path d=\"M416 208H32c-17.67 0-32 14.33-32 32v32c0 17.67 14.33 32 32 32h384c17.67 0 32-14.33 32-32v-32c0-17.67-14.33-32-32-32z\"><\/path><\/svg><\/span>\n\t\t\t\t\t\t\t\t\t\t\t\t\t\t<\/span>\n\t\t\t\t\t\t\t\t\t\t\t\t<a class=\"elementor-accordion-title\" tabindex=\"0\">High C vocal ensemble<\/a>\n\t\t\t\t\t<\/div>\n\t\t\t\t\t<div id=\"elementor-tab-content-1442\" class=\"elementor-tab-content elementor-clearfix\" data-tab=\"2\" role=\"region\" aria-labelledby=\"elementor-tab-title-1442\"><p><strong><img loading=\"lazy\" decoding=\"async\" src=\"https:\/\/www.salzburgeradventsingen.at\/wp-content\/uploads\/2025\/11\/Bild_2025-11-06_090535228-1024x438.png\" alt=\"\" width=\"1024\" height=\"438\" \/><\/strong><\/p>\n<p><em>From left: Elija Sticker (tenor), conductor: Bernhard Ainz (baritone), Tobias Kremshuber (tenor), Valentin Stemeseder (bass), Johannes Schmidhuber (tenor)<\/em><\/p>\n<p><strong>VOCAL ENSEMBLE HOHES C (quartet)<\/strong><\/p>\n<p>Once again this year, the vocal ensemble Hohes C will delight us at the Salzburg Advent Singing with a changing quartet line-up. The singers impress with their special sound spectrum, ranging from refined Renaissance works to folk music and \u201ccrisp\u201d pop arrangements.<br \/>In recent years, concert tours have taken the ensemble to South Africa, Germany, Italy, Finland, Croatia, and Canada. At the world&#8217;s largest choir competition, the World Choir Games in Riga, the ensemble gave a thoroughly convincing performance in the Male Vocal Ensemble category and was crowned \u201cWORLD CHOIR CHAMPION.\u201d The ensemble was also awarded a gold medal (Musica Sacra acapella) and a silver medal (Folklore).<\/p>\n<p>www.facebook.com\/hohes-C-Vokalensemble<\/p>\n<\/div>\n\t\t\t\t<\/div>\n\t\t\t\t\t\t\t<div class=\"elementor-accordion-item\">\n\t\t\t\t\t<div id=\"elementor-tab-title-1443\" class=\"elementor-tab-title\" data-tab=\"3\" role=\"button\" aria-controls=\"elementor-tab-content-1443\" aria-expanded=\"false\">\n\t\t\t\t\t\t\t\t\t\t\t\t\t<span class=\"elementor-accordion-icon elementor-accordion-icon-left\" aria-hidden=\"true\">\n\t\t\t\t\t\t\t\t\t\t\t\t\t\t\t<span class=\"elementor-accordion-icon-closed\"><svg class=\"e-font-icon-svg e-fas-plus\" viewBox=\"0 0 448 512\" xmlns=\"http:\/\/www.w3.org\/2000\/svg\"><path d=\"M416 208H272V64c0-17.67-14.33-32-32-32h-32c-17.67 0-32 14.33-32 32v144H32c-17.67 0-32 14.33-32 32v32c0 17.67 14.33 32 32 32h144v144c0 17.67 14.33 32 32 32h32c17.67 0 32-14.33 32-32V304h144c17.67 0 32-14.33 32-32v-32c0-17.67-14.33-32-32-32z\"><\/path><\/svg><\/span>\n\t\t\t\t\t\t\t\t<span class=\"elementor-accordion-icon-opened\"><svg class=\"e-font-icon-svg e-fas-minus\" viewBox=\"0 0 448 512\" xmlns=\"http:\/\/www.w3.org\/2000\/svg\"><path d=\"M416 208H32c-17.67 0-32 14.33-32 32v32c0 17.67 14.33 32 32 32h384c17.67 0 32-14.33 32-32v-32c0-17.67-14.33-32-32-32z\"><\/path><\/svg><\/span>\n\t\t\t\t\t\t\t\t\t\t\t\t\t\t<\/span>\n\t\t\t\t\t\t\t\t\t\t\t\t<a class=\"elementor-accordion-title\" tabindex=\"0\">Vocal ensemble CMM<\/a>\n\t\t\t\t\t<\/div>\n\t\t\t\t\t<div id=\"elementor-tab-content-1443\" class=\"elementor-tab-content elementor-clearfix\" data-tab=\"3\" role=\"region\" aria-labelledby=\"elementor-tab-title-1443\"><p><img loading=\"lazy\" decoding=\"async\" src=\"https:\/\/www.salzburgeradventsingen.at\/wp-content\/uploads\/2025\/11\/Bild_2025-11-06_090324657-1024x633.png\" alt=\"\" width=\"1024\" height=\"633\" \/><strong><br \/>\n<\/strong><\/p>\n<p><em>From left: Andrea Schwarz (soprano), conductor: Maria Brunauer (alto), Marlene Schuen (mezzo-soprano)<\/em><\/p>\n<p><strong>Maria Margarethe Brunauer<br \/>\n<\/strong>Raised on traditional Austrian folk music, the mezzo-soprano studied concert singing and vocal pedagogy at the University of Music and Performing Arts in Munich. Since graduating, she has worked as a freelance opera singer, teaches singing at the University of Augsburg, and is a member of the Bavarian Radio Concert Choir.<\/p>\n<p>Photo: Holger Borggrefe<\/p>\n<p><strong>Andrea Lore Schwarz<\/strong><br \/>Born in Salzburg, the mezzo-soprano completed her master&#8217;s degree in vocal pedagogy with a focus on choral conducting and her teacher training at the Mozarteum in 2022. Since 2014, she has been a member of the Salzburg Bach Choir and various other ensembles and regularly performs in concerts and opera productions at numerous cultural events. She currently teaches at the Sport- und Musik RG in Salzburg, works as a voice coach for the Salzburg Choir Association, and regularly performs as a soloist at concerts and events.<\/p>\n<p>Photo: private<\/p>\n<p><strong>Marlene Schuen<\/strong><\/p>\n<p>Marlene Schuen<br \/>The singer, multi-instrumentalist, songwriter, and producer was born in the Ladin Dolomites, went to Innsbruck and Munich to study, and now lives in Munich again after spending some time in Berlin. After international concert tours with various artists, including Hubert von Goisern, she founded her own band, Ganes. She is also part of a new project with Marc Romboy and Dimitri Andreas and is involved in studio recordings for numerous artists.<\/p>\n<p>Photo: Rahwa Seyum<\/p>\n<\/div>\n\t\t\t\t<\/div>\n\t\t\t\t\t\t\t\t<\/div>\n\t\t\t\t\t\t<\/div>\n\t\t\t\t<\/div>\n\t\t\t\t\t<\/div>\n\t\t<\/div>\n\t\t\t\t\t<\/div>\n\t\t<\/section>\n\t\t\t\t<section class=\"elementor-section elementor-top-section elementor-element elementor-element-792c6ff elementor-section-boxed elementor-section-height-default elementor-section-height-default\" data-id=\"792c6ff\" data-element_type=\"section\" data-e-type=\"section\">\n\t\t\t\t\t\t<div class=\"elementor-container elementor-column-gap-default\">\n\t\t\t\t\t<div class=\"elementor-column elementor-col-100 elementor-top-column elementor-element elementor-element-a3e1421\" data-id=\"a3e1421\" data-element_type=\"column\" data-e-type=\"column\">\n\t\t\t<div class=\"elementor-widget-wrap elementor-element-populated\">\n\t\t\t\t\t\t<div class=\"elementor-element elementor-element-53a1051 elementor-widget elementor-widget-heading\" data-id=\"53a1051\" data-element_type=\"widget\" data-e-type=\"widget\" data-widget_type=\"heading.default\">\n\t\t\t\t<div class=\"elementor-widget-container\">\n\t\t\t\t\t<h4 class=\"elementor-heading-title elementor-size-default\">Orchestra<\/h4>\t\t\t\t<\/div>\n\t\t\t\t<\/div>\n\t\t\t\t<div class=\"elementor-element elementor-element-a9f840b elementor-widget elementor-widget-accordion\" data-id=\"a9f840b\" data-element_type=\"widget\" data-e-type=\"widget\" data-widget_type=\"accordion.default\">\n\t\t\t\t<div class=\"elementor-widget-container\">\n\t\t\t\t\t\t\t<div class=\"elementor-accordion\">\n\t\t\t\t\t\t\t<div class=\"elementor-accordion-item\">\n\t\t\t\t\t<div id=\"elementor-tab-title-1781\" class=\"elementor-tab-title\" data-tab=\"1\" role=\"button\" aria-controls=\"elementor-tab-content-1781\" aria-expanded=\"false\">\n\t\t\t\t\t\t\t\t\t\t\t\t\t<span class=\"elementor-accordion-icon elementor-accordion-icon-left\" aria-hidden=\"true\">\n\t\t\t\t\t\t\t\t\t\t\t\t\t\t\t<span class=\"elementor-accordion-icon-closed\"><svg class=\"e-font-icon-svg e-fas-plus\" viewBox=\"0 0 448 512\" xmlns=\"http:\/\/www.w3.org\/2000\/svg\"><path d=\"M416 208H272V64c0-17.67-14.33-32-32-32h-32c-17.67 0-32 14.33-32 32v144H32c-17.67 0-32 14.33-32 32v32c0 17.67 14.33 32 32 32h144v144c0 17.67 14.33 32 32 32h32c17.67 0 32-14.33 32-32V304h144c17.67 0 32-14.33 32-32v-32c0-17.67-14.33-32-32-32z\"><\/path><\/svg><\/span>\n\t\t\t\t\t\t\t\t<span class=\"elementor-accordion-icon-opened\"><svg class=\"e-font-icon-svg e-fas-minus\" viewBox=\"0 0 448 512\" xmlns=\"http:\/\/www.w3.org\/2000\/svg\"><path d=\"M416 208H32c-17.67 0-32 14.33-32 32v32c0 17.67 14.33 32 32 32h384c17.67 0 32-14.33 32-32v-32c0-17.67-14.33-32-32-32z\"><\/path><\/svg><\/span>\n\t\t\t\t\t\t\t\t\t\t\t\t\t\t<\/span>\n\t\t\t\t\t\t\t\t\t\t\t\t<a class=\"elementor-accordion-title\" tabindex=\"0\">Salzburg String Ensemble<\/a>\n\t\t\t\t\t<\/div>\n\t\t\t\t\t<div id=\"elementor-tab-content-1781\" class=\"elementor-tab-content elementor-clearfix\" data-tab=\"1\" role=\"region\" aria-labelledby=\"elementor-tab-title-1781\"><p><img loading=\"lazy\" decoding=\"async\" class=\"wp-image-11684 size-large\" src=\"https:\/\/www.salzburgeradventsingen.at\/wp-content\/uploads\/2025\/05\/SALZBURGER-SAITENMUSIK-ENSEMBLE-scaled-e1747479373440-1024x481.jpg\" alt=\"\" width=\"1024\" height=\"481\" srcset=\"https:\/\/www.salzburgeradventsingen.at\/wp-content\/uploads\/2025\/05\/SALZBURGER-SAITENMUSIK-ENSEMBLE-scaled-e1747479373440-1024x481.jpg 1024w, https:\/\/www.salzburgeradventsingen.at\/wp-content\/uploads\/2025\/05\/SALZBURGER-SAITENMUSIK-ENSEMBLE-scaled-e1747479373440-300x141.jpg 300w, https:\/\/www.salzburgeradventsingen.at\/wp-content\/uploads\/2025\/05\/SALZBURGER-SAITENMUSIK-ENSEMBLE-scaled-e1747479373440-768x361.jpg 768w, https:\/\/www.salzburgeradventsingen.at\/wp-content\/uploads\/2025\/05\/SALZBURGER-SAITENMUSIK-ENSEMBLE-scaled-e1747479373440-1536x722.jpg 1536w, https:\/\/www.salzburgeradventsingen.at\/wp-content\/uploads\/2025\/05\/SALZBURGER-SAITENMUSIK-ENSEMBLE-scaled-e1747479373440.jpg 2035w\" sizes=\"(max-width: 1024px) 100vw, 1024px\" \/><\/p>\n<p>v. l.: Ingeborg Weber (Harfe)<br \/>Elisabeth Neureiter (Hackbrett)<br \/>Ltg.: Reinhold Schmid (Gitarre)<br \/>Elisabeth Weber (Orgelportativ, Gitarre)<br \/>Magdalena Kufer (Kontrabass)<br \/>Johannes Rohrer (Zither)<\/p>\n<\/div>\n\t\t\t\t<\/div>\n\t\t\t\t\t\t\t<div class=\"elementor-accordion-item\">\n\t\t\t\t\t<div id=\"elementor-tab-title-1782\" class=\"elementor-tab-title\" data-tab=\"2\" role=\"button\" aria-controls=\"elementor-tab-content-1782\" aria-expanded=\"false\">\n\t\t\t\t\t\t\t\t\t\t\t\t\t<span class=\"elementor-accordion-icon elementor-accordion-icon-left\" aria-hidden=\"true\">\n\t\t\t\t\t\t\t\t\t\t\t\t\t\t\t<span class=\"elementor-accordion-icon-closed\"><svg class=\"e-font-icon-svg e-fas-plus\" viewBox=\"0 0 448 512\" xmlns=\"http:\/\/www.w3.org\/2000\/svg\"><path d=\"M416 208H272V64c0-17.67-14.33-32-32-32h-32c-17.67 0-32 14.33-32 32v144H32c-17.67 0-32 14.33-32 32v32c0 17.67 14.33 32 32 32h144v144c0 17.67 14.33 32 32 32h32c17.67 0 32-14.33 32-32V304h144c17.67 0 32-14.33 32-32v-32c0-17.67-14.33-32-32-32z\"><\/path><\/svg><\/span>\n\t\t\t\t\t\t\t\t<span class=\"elementor-accordion-icon-opened\"><svg class=\"e-font-icon-svg e-fas-minus\" viewBox=\"0 0 448 512\" xmlns=\"http:\/\/www.w3.org\/2000\/svg\"><path d=\"M416 208H32c-17.67 0-32 14.33-32 32v32c0 17.67 14.33 32 32 32h384c17.67 0 32-14.33 32-32v-32c0-17.67-14.33-32-32-32z\"><\/path><\/svg><\/span>\n\t\t\t\t\t\t\t\t\t\t\t\t\t\t<\/span>\n\t\t\t\t\t\t\t\t\t\t\t\t<a class=\"elementor-accordion-title\" tabindex=\"0\">Salzburg violin music<\/a>\n\t\t\t\t\t<\/div>\n\t\t\t\t\t<div id=\"elementor-tab-content-1782\" class=\"elementor-tab-content elementor-clearfix\" data-tab=\"2\" role=\"region\" aria-labelledby=\"elementor-tab-title-1782\"><p><img loading=\"lazy\" decoding=\"async\" class=\"alignnone wp-image-11686 size-large\" src=\"https:\/\/www.salzburgeradventsingen.at\/wp-content\/uploads\/2025\/05\/SALZBURGER-GEIGENMUSIK-scaled-e1747479490835-1024x441.jpg\" alt=\"\" width=\"1024\" height=\"441\" srcset=\"https:\/\/www.salzburgeradventsingen.at\/wp-content\/uploads\/2025\/05\/SALZBURGER-GEIGENMUSIK-scaled-e1747479490835-1024x441.jpg 1024w, https:\/\/www.salzburgeradventsingen.at\/wp-content\/uploads\/2025\/05\/SALZBURGER-GEIGENMUSIK-scaled-e1747479490835-300x129.jpg 300w, https:\/\/www.salzburgeradventsingen.at\/wp-content\/uploads\/2025\/05\/SALZBURGER-GEIGENMUSIK-scaled-e1747479490835-768x330.jpg 768w, https:\/\/www.salzburgeradventsingen.at\/wp-content\/uploads\/2025\/05\/SALZBURGER-GEIGENMUSIK-scaled-e1747479490835-1536x661.jpg 1536w, https:\/\/www.salzburgeradventsingen.at\/wp-content\/uploads\/2025\/05\/SALZBURGER-GEIGENMUSIK-scaled-e1747479490835.jpg 1873w\" sizes=\"(max-width: 1024px) 100vw, 1024px\" \/>\u00a0<\/p>\n<p>v. l.: Timea Laczk\u00f2-T\u00f2th (Cello)<br \/>Andrea Brucker, (Bratsche)<br \/>Ltg. Maria Dengg (Geige)<br \/>Burgi V\u00f6tterl (Geige)<br \/>Gundl Aggermann (Fl\u00f6te)<br \/>Magdalena Kufer (Kontrabass)<\/p>\n<\/div>\n\t\t\t\t<\/div>\n\t\t\t\t\t\t\t<div class=\"elementor-accordion-item\">\n\t\t\t\t\t<div id=\"elementor-tab-title-1783\" class=\"elementor-tab-title\" data-tab=\"3\" role=\"button\" aria-controls=\"elementor-tab-content-1783\" aria-expanded=\"false\">\n\t\t\t\t\t\t\t\t\t\t\t\t\t<span class=\"elementor-accordion-icon elementor-accordion-icon-left\" aria-hidden=\"true\">\n\t\t\t\t\t\t\t\t\t\t\t\t\t\t\t<span class=\"elementor-accordion-icon-closed\"><svg class=\"e-font-icon-svg e-fas-plus\" viewBox=\"0 0 448 512\" xmlns=\"http:\/\/www.w3.org\/2000\/svg\"><path d=\"M416 208H272V64c0-17.67-14.33-32-32-32h-32c-17.67 0-32 14.33-32 32v144H32c-17.67 0-32 14.33-32 32v32c0 17.67 14.33 32 32 32h144v144c0 17.67 14.33 32 32 32h32c17.67 0 32-14.33 32-32V304h144c17.67 0 32-14.33 32-32v-32c0-17.67-14.33-32-32-32z\"><\/path><\/svg><\/span>\n\t\t\t\t\t\t\t\t<span class=\"elementor-accordion-icon-opened\"><svg class=\"e-font-icon-svg e-fas-minus\" viewBox=\"0 0 448 512\" xmlns=\"http:\/\/www.w3.org\/2000\/svg\"><path d=\"M416 208H32c-17.67 0-32 14.33-32 32v32c0 17.67 14.33 32 32 32h384c17.67 0 32-14.33 32-32v-32c0-17.67-14.33-32-32-32z\"><\/path><\/svg><\/span>\n\t\t\t\t\t\t\t\t\t\t\t\t\t\t<\/span>\n\t\t\t\t\t\t\t\t\t\t\t\t<a class=\"elementor-accordion-title\" tabindex=\"0\">Brass ensemble Juvavum Brass<\/a>\n\t\t\t\t\t<\/div>\n\t\t\t\t\t<div id=\"elementor-tab-content-1783\" class=\"elementor-tab-content elementor-clearfix\" data-tab=\"3\" role=\"region\" aria-labelledby=\"elementor-tab-title-1783\"><p><img loading=\"lazy\" decoding=\"async\" class=\"aligncenter wp-image-9253 size-large\" src=\"https:\/\/www.salzburgeradventsingen.at\/wp-content\/uploads\/2023-SAS-Blaeserensemble-Juvavum-Brass-scaled-e1698908856377-1024x580.jpg\" alt=\"\" width=\"1024\" height=\"580\" srcset=\"https:\/\/www.salzburgeradventsingen.at\/wp-content\/uploads\/2023-SAS-Blaeserensemble-Juvavum-Brass-scaled-e1698908856377-1024x580.jpg 1024w, https:\/\/www.salzburgeradventsingen.at\/wp-content\/uploads\/2023-SAS-Blaeserensemble-Juvavum-Brass-scaled-e1698908856377-300x170.jpg 300w, https:\/\/www.salzburgeradventsingen.at\/wp-content\/uploads\/2023-SAS-Blaeserensemble-Juvavum-Brass-scaled-e1698908856377-768x435.jpg 768w, https:\/\/www.salzburgeradventsingen.at\/wp-content\/uploads\/2023-SAS-Blaeserensemble-Juvavum-Brass-scaled-e1698908856377-1536x870.jpg 1536w, https:\/\/www.salzburgeradventsingen.at\/wp-content\/uploads\/2023-SAS-Blaeserensemble-Juvavum-Brass-scaled-e1698908856377-2048x1160.jpg 2048w\" sizes=\"(max-width: 1024px) 100vw, 1024px\" \/><\/p>\n<p style=\"font-weight: 400;\">v.l. Erwin \u00a0Wendl (Posaune)<br \/>Hans Gerl (Horn)<br \/>Christina Eberl (Trompete; Fl\u00fcgelhorn)<br \/>Christian Sperl (Horn)<br \/>Lg: Horst Hofer (Trompete, Fl\u00fcgelhorn)<br \/>Thomas H\u00f6ger (Posaune)<\/p>\n<\/div>\n\t\t\t\t<\/div>\n\t\t\t\t\t\t\t<div class=\"elementor-accordion-item\">\n\t\t\t\t\t<div id=\"elementor-tab-title-1784\" class=\"elementor-tab-title\" data-tab=\"4\" role=\"button\" aria-controls=\"elementor-tab-content-1784\" aria-expanded=\"false\">\n\t\t\t\t\t\t\t\t\t\t\t\t\t<span class=\"elementor-accordion-icon elementor-accordion-icon-left\" aria-hidden=\"true\">\n\t\t\t\t\t\t\t\t\t\t\t\t\t\t\t<span class=\"elementor-accordion-icon-closed\"><svg class=\"e-font-icon-svg e-fas-plus\" viewBox=\"0 0 448 512\" xmlns=\"http:\/\/www.w3.org\/2000\/svg\"><path d=\"M416 208H272V64c0-17.67-14.33-32-32-32h-32c-17.67 0-32 14.33-32 32v144H32c-17.67 0-32 14.33-32 32v32c0 17.67 14.33 32 32 32h144v144c0 17.67 14.33 32 32 32h32c17.67 0 32-14.33 32-32V304h144c17.67 0 32-14.33 32-32v-32c0-17.67-14.33-32-32-32z\"><\/path><\/svg><\/span>\n\t\t\t\t\t\t\t\t<span class=\"elementor-accordion-icon-opened\"><svg class=\"e-font-icon-svg e-fas-minus\" viewBox=\"0 0 448 512\" xmlns=\"http:\/\/www.w3.org\/2000\/svg\"><path d=\"M416 208H32c-17.67 0-32 14.33-32 32v32c0 17.67 14.33 32 32 32h384c17.67 0 32-14.33 32-32v-32c0-17.67-14.33-32-32-32z\"><\/path><\/svg><\/span>\n\t\t\t\t\t\t\t\t\t\t\t\t\t\t<\/span>\n\t\t\t\t\t\t\t\t\t\t\t\t<a class=\"elementor-accordion-title\" tabindex=\"0\">Salzburg Reed Player Ensemble<\/a>\n\t\t\t\t\t<\/div>\n\t\t\t\t\t<div id=\"elementor-tab-content-1784\" class=\"elementor-tab-content elementor-clearfix\" data-tab=\"4\" role=\"region\" aria-labelledby=\"elementor-tab-title-1784\"><p><img data-dominant-color=\"785d4f\" data-has-transparency=\"false\" style=\"--dominant-color: #785d4f;\" loading=\"lazy\" decoding=\"async\" class=\"aligncenter wp-image-10525 size-large not-transparent\" src=\"https:\/\/www.salzburgeradventsingen.at\/wp-content\/uploads\/2024\/05\/Bild_2024-05-07_104025675-e1715071281341-1024x707.png\" alt=\"\" width=\"1024\" height=\"707\" srcset=\"https:\/\/www.salzburgeradventsingen.at\/wp-content\/uploads\/2024\/05\/Bild_2024-05-07_104025675-e1715071281341-1024x707.png 1024w, https:\/\/www.salzburgeradventsingen.at\/wp-content\/uploads\/2024\/05\/Bild_2024-05-07_104025675-e1715071281341-300x207.png 300w, https:\/\/www.salzburgeradventsingen.at\/wp-content\/uploads\/2024\/05\/Bild_2024-05-07_104025675-e1715071281341-768x530.png 768w, https:\/\/www.salzburgeradventsingen.at\/wp-content\/uploads\/2024\/05\/Bild_2024-05-07_104025675-e1715071281341-1536x1060.png 1536w, https:\/\/www.salzburgeradventsingen.at\/wp-content\/uploads\/2024\/05\/Bild_2024-05-07_104025675-e1715071281341-2048x1414.png 2048w\" sizes=\"(max-width: 1024px) 100vw, 1024px\" \/><\/p>\n<p>v.l.n.r.:\u2028Anton Gmachl (Klarinette)\u2028<br \/>Gundl Aggermann (Fl\u00f6te)\u2028<br \/>Lg: Gottfried Linsinger (Oboe, Englischhorn)\u2028<br \/>Gerti Hollweger (Fagott)\u2028<\/p>\n<\/div>\n\t\t\t\t<\/div>\n\t\t\t\t\t\t\t\t<\/div>\n\t\t\t\t\t\t<\/div>\n\t\t\t\t<\/div>\n\t\t\t\t\t<\/div>\n\t\t<\/div>\n\t\t\t\t\t<\/div>\n\t\t<\/section>\n\t\t\t\t<section class=\"elementor-section elementor-top-section elementor-element elementor-element-c8db475 elementor-section-boxed elementor-section-height-default elementor-section-height-default\" data-id=\"c8db475\" data-element_type=\"section\" data-e-type=\"section\">\n\t\t\t\t\t\t<div class=\"elementor-container elementor-column-gap-default\">\n\t\t\t\t\t<div class=\"elementor-column elementor-col-100 elementor-top-column elementor-element elementor-element-3c8dfa8\" data-id=\"3c8dfa8\" data-element_type=\"column\" data-e-type=\"column\">\n\t\t\t<div class=\"elementor-widget-wrap elementor-element-populated\">\n\t\t\t\t\t\t<div class=\"elementor-element elementor-element-4e01a77 elementor-widget elementor-widget-heading\" data-id=\"4e01a77\" data-element_type=\"widget\" data-e-type=\"widget\" data-widget_type=\"heading.default\">\n\t\t\t\t<div class=\"elementor-widget-container\">\n\t\t\t\t\t<h4 class=\"elementor-heading-title elementor-size-default\">Technology &amp; equipment<\/h4>\t\t\t\t<\/div>\n\t\t\t\t<\/div>\n\t\t\t\t<div class=\"elementor-element elementor-element-f862451 elementor-widget elementor-widget-accordion\" data-id=\"f862451\" data-element_type=\"widget\" data-e-type=\"widget\" data-widget_type=\"accordion.default\">\n\t\t\t\t<div class=\"elementor-widget-container\">\n\t\t\t\t\t\t\t<div class=\"elementor-accordion\">\n\t\t\t\t\t\t\t<div class=\"elementor-accordion-item\">\n\t\t\t\t\t<div id=\"elementor-tab-title-2601\" class=\"elementor-tab-title\" data-tab=\"1\" role=\"button\" aria-controls=\"elementor-tab-content-2601\" aria-expanded=\"false\">\n\t\t\t\t\t\t\t\t\t\t\t\t\t<span class=\"elementor-accordion-icon elementor-accordion-icon-left\" aria-hidden=\"true\">\n\t\t\t\t\t\t\t\t\t\t\t\t\t\t\t<span class=\"elementor-accordion-icon-closed\"><svg class=\"e-font-icon-svg e-fas-plus\" viewBox=\"0 0 448 512\" xmlns=\"http:\/\/www.w3.org\/2000\/svg\"><path d=\"M416 208H272V64c0-17.67-14.33-32-32-32h-32c-17.67 0-32 14.33-32 32v144H32c-17.67 0-32 14.33-32 32v32c0 17.67 14.33 32 32 32h144v144c0 17.67 14.33 32 32 32h32c17.67 0 32-14.33 32-32V304h144c17.67 0 32-14.33 32-32v-32c0-17.67-14.33-32-32-32z\"><\/path><\/svg><\/span>\n\t\t\t\t\t\t\t\t<span class=\"elementor-accordion-icon-opened\"><svg class=\"e-font-icon-svg e-fas-minus\" viewBox=\"0 0 448 512\" xmlns=\"http:\/\/www.w3.org\/2000\/svg\"><path d=\"M416 208H32c-17.67 0-32 14.33-32 32v32c0 17.67 14.33 32 32 32h384c17.67 0 32-14.33 32-32v-32c0-17.67-14.33-32-32-32z\"><\/path><\/svg><\/span>\n\t\t\t\t\t\t\t\t\t\t\t\t\t\t<\/span>\n\t\t\t\t\t\t\t\t\t\t\t\t<a class=\"elementor-accordion-title\" tabindex=\"0\">Lighting<\/a>\n\t\t\t\t\t<\/div>\n\t\t\t\t\t<div id=\"elementor-tab-content-2601\" class=\"elementor-tab-content elementor-clearfix\" data-tab=\"1\" role=\"region\" aria-labelledby=\"elementor-tab-title-2601\"><p>Lg: Hubert Schwaiger<br \/>Licht-Inspizienz: Thomas Herbst<\/p>\n<\/div>\n\t\t\t\t<\/div>\n\t\t\t\t\t\t\t<div class=\"elementor-accordion-item\">\n\t\t\t\t\t<div id=\"elementor-tab-title-2602\" class=\"elementor-tab-title\" data-tab=\"2\" role=\"button\" aria-controls=\"elementor-tab-content-2602\" aria-expanded=\"false\">\n\t\t\t\t\t\t\t\t\t\t\t\t\t<span class=\"elementor-accordion-icon elementor-accordion-icon-left\" aria-hidden=\"true\">\n\t\t\t\t\t\t\t\t\t\t\t\t\t\t\t<span class=\"elementor-accordion-icon-closed\"><svg class=\"e-font-icon-svg e-fas-plus\" viewBox=\"0 0 448 512\" xmlns=\"http:\/\/www.w3.org\/2000\/svg\"><path d=\"M416 208H272V64c0-17.67-14.33-32-32-32h-32c-17.67 0-32 14.33-32 32v144H32c-17.67 0-32 14.33-32 32v32c0 17.67 14.33 32 32 32h144v144c0 17.67 14.33 32 32 32h32c17.67 0 32-14.33 32-32V304h144c17.67 0 32-14.33 32-32v-32c0-17.67-14.33-32-32-32z\"><\/path><\/svg><\/span>\n\t\t\t\t\t\t\t\t<span class=\"elementor-accordion-icon-opened\"><svg class=\"e-font-icon-svg e-fas-minus\" viewBox=\"0 0 448 512\" xmlns=\"http:\/\/www.w3.org\/2000\/svg\"><path d=\"M416 208H32c-17.67 0-32 14.33-32 32v32c0 17.67 14.33 32 32 32h384c17.67 0 32-14.33 32-32v-32c0-17.67-14.33-32-32-32z\"><\/path><\/svg><\/span>\n\t\t\t\t\t\t\t\t\t\t\t\t\t\t<\/span>\n\t\t\t\t\t\t\t\t\t\t\t\t<a class=\"elementor-accordion-title\" tabindex=\"0\">Lighting design<\/a>\n\t\t\t\t\t<\/div>\n\t\t\t\t\t<div id=\"elementor-tab-content-2602\" class=\"elementor-tab-content elementor-clearfix\" data-tab=\"2\" role=\"region\" aria-labelledby=\"elementor-tab-title-2602\"><p>Hans K\u00f6hl<br \/>Gerda Gratzer<br \/>Hubert Schwaiger<\/p>\n<\/div>\n\t\t\t\t<\/div>\n\t\t\t\t\t\t\t<div class=\"elementor-accordion-item\">\n\t\t\t\t\t<div id=\"elementor-tab-title-2603\" class=\"elementor-tab-title\" data-tab=\"3\" role=\"button\" aria-controls=\"elementor-tab-content-2603\" aria-expanded=\"false\">\n\t\t\t\t\t\t\t\t\t\t\t\t\t<span class=\"elementor-accordion-icon elementor-accordion-icon-left\" aria-hidden=\"true\">\n\t\t\t\t\t\t\t\t\t\t\t\t\t\t\t<span class=\"elementor-accordion-icon-closed\"><svg class=\"e-font-icon-svg e-fas-plus\" viewBox=\"0 0 448 512\" xmlns=\"http:\/\/www.w3.org\/2000\/svg\"><path d=\"M416 208H272V64c0-17.67-14.33-32-32-32h-32c-17.67 0-32 14.33-32 32v144H32c-17.67 0-32 14.33-32 32v32c0 17.67 14.33 32 32 32h144v144c0 17.67 14.33 32 32 32h32c17.67 0 32-14.33 32-32V304h144c17.67 0 32-14.33 32-32v-32c0-17.67-14.33-32-32-32z\"><\/path><\/svg><\/span>\n\t\t\t\t\t\t\t\t<span class=\"elementor-accordion-icon-opened\"><svg class=\"e-font-icon-svg e-fas-minus\" viewBox=\"0 0 448 512\" xmlns=\"http:\/\/www.w3.org\/2000\/svg\"><path d=\"M416 208H32c-17.67 0-32 14.33-32 32v32c0 17.67 14.33 32 32 32h384c17.67 0 32-14.33 32-32v-32c0-17.67-14.33-32-32-32z\"><\/path><\/svg><\/span>\n\t\t\t\t\t\t\t\t\t\t\t\t\t\t<\/span>\n\t\t\t\t\t\t\t\t\t\t\t\t<a class=\"elementor-accordion-title\" tabindex=\"0\">Sound engineering<\/a>\n\t\t\t\t\t<\/div>\n\t\t\t\t\t<div id=\"elementor-tab-content-2603\" class=\"elementor-tab-content elementor-clearfix\" data-tab=\"3\" role=\"region\" aria-labelledby=\"elementor-tab-title-2603\"><p class=\"bodytext\">Lg: Edwin Pfanzagl-Cardone<br \/>Richard Deutsch<\/p>\n<\/div>\n\t\t\t\t<\/div>\n\t\t\t\t\t\t\t<div class=\"elementor-accordion-item\">\n\t\t\t\t\t<div id=\"elementor-tab-title-2604\" class=\"elementor-tab-title\" data-tab=\"4\" role=\"button\" aria-controls=\"elementor-tab-content-2604\" aria-expanded=\"false\">\n\t\t\t\t\t\t\t\t\t\t\t\t\t<span class=\"elementor-accordion-icon elementor-accordion-icon-left\" aria-hidden=\"true\">\n\t\t\t\t\t\t\t\t\t\t\t\t\t\t\t<span class=\"elementor-accordion-icon-closed\"><svg class=\"e-font-icon-svg e-fas-plus\" viewBox=\"0 0 448 512\" xmlns=\"http:\/\/www.w3.org\/2000\/svg\"><path d=\"M416 208H272V64c0-17.67-14.33-32-32-32h-32c-17.67 0-32 14.33-32 32v144H32c-17.67 0-32 14.33-32 32v32c0 17.67 14.33 32 32 32h144v144c0 17.67 14.33 32 32 32h32c17.67 0 32-14.33 32-32V304h144c17.67 0 32-14.33 32-32v-32c0-17.67-14.33-32-32-32z\"><\/path><\/svg><\/span>\n\t\t\t\t\t\t\t\t<span class=\"elementor-accordion-icon-opened\"><svg class=\"e-font-icon-svg e-fas-minus\" viewBox=\"0 0 448 512\" xmlns=\"http:\/\/www.w3.org\/2000\/svg\"><path d=\"M416 208H32c-17.67 0-32 14.33-32 32v32c0 17.67 14.33 32 32 32h384c17.67 0 32-14.33 32-32v-32c0-17.67-14.33-32-32-32z\"><\/path><\/svg><\/span>\n\t\t\t\t\t\t\t\t\t\t\t\t\t\t<\/span>\n\t\t\t\t\t\t\t\t\t\t\t\t<a class=\"elementor-accordion-title\" tabindex=\"0\"> stage engineering<\/a>\n\t\t\t\t\t<\/div>\n\t\t\t\t\t<div id=\"elementor-tab-content-2604\" class=\"elementor-tab-content elementor-clearfix\" data-tab=\"4\" role=\"region\" aria-labelledby=\"elementor-tab-title-2604\"><p>Lg: Georg Schlager<\/p>\n<\/div>\n\t\t\t\t<\/div>\n\t\t\t\t\t\t\t<div class=\"elementor-accordion-item\">\n\t\t\t\t\t<div id=\"elementor-tab-title-2605\" class=\"elementor-tab-title\" data-tab=\"5\" role=\"button\" aria-controls=\"elementor-tab-content-2605\" aria-expanded=\"false\">\n\t\t\t\t\t\t\t\t\t\t\t\t\t<span class=\"elementor-accordion-icon elementor-accordion-icon-left\" aria-hidden=\"true\">\n\t\t\t\t\t\t\t\t\t\t\t\t\t\t\t<span class=\"elementor-accordion-icon-closed\"><svg class=\"e-font-icon-svg e-fas-plus\" viewBox=\"0 0 448 512\" xmlns=\"http:\/\/www.w3.org\/2000\/svg\"><path d=\"M416 208H272V64c0-17.67-14.33-32-32-32h-32c-17.67 0-32 14.33-32 32v144H32c-17.67 0-32 14.33-32 32v32c0 17.67 14.33 32 32 32h144v144c0 17.67 14.33 32 32 32h32c17.67 0 32-14.33 32-32V304h144c17.67 0 32-14.33 32-32v-32c0-17.67-14.33-32-32-32z\"><\/path><\/svg><\/span>\n\t\t\t\t\t\t\t\t<span class=\"elementor-accordion-icon-opened\"><svg class=\"e-font-icon-svg e-fas-minus\" viewBox=\"0 0 448 512\" xmlns=\"http:\/\/www.w3.org\/2000\/svg\"><path d=\"M416 208H32c-17.67 0-32 14.33-32 32v32c0 17.67 14.33 32 32 32h384c17.67 0 32-14.33 32-32v-32c0-17.67-14.33-32-32-32z\"><\/path><\/svg><\/span>\n\t\t\t\t\t\t\t\t\t\t\t\t\t\t<\/span>\n\t\t\t\t\t\t\t\t\t\t\t\t<a class=\"elementor-accordion-title\" tabindex=\"0\">Stage construction<\/a>\n\t\t\t\t\t<\/div>\n\t\t\t\t\t<div id=\"elementor-tab-content-2605\" class=\"elementor-tab-content elementor-clearfix\" data-tab=\"5\" role=\"region\" aria-labelledby=\"elementor-tab-title-2605\"><p>Alfred Laserer, Gosau<\/p>\n<\/div>\n\t\t\t\t<\/div>\n\t\t\t\t\t\t\t\t<\/div>\n\t\t\t\t\t\t<\/div>\n\t\t\t\t<\/div>\n\t\t\t\t\t<\/div>\n\t\t<\/div>\n\t\t\t\t\t<\/div>\n\t\t<\/section>\n\t\t\t\t<section class=\"elementor-section elementor-top-section elementor-element elementor-element-0d47ce4 elementor-section-boxed elementor-section-height-default elementor-section-height-default\" data-id=\"0d47ce4\" data-element_type=\"section\" data-e-type=\"section\">\n\t\t\t\t\t\t<div class=\"elementor-container elementor-column-gap-default\">\n\t\t\t\t\t<div class=\"elementor-column elementor-col-100 elementor-top-column elementor-element elementor-element-3cd912f\" data-id=\"3cd912f\" data-element_type=\"column\" data-e-type=\"column\">\n\t\t\t<div class=\"elementor-widget-wrap elementor-element-populated\">\n\t\t\t\t\t\t<div class=\"elementor-element elementor-element-18d3945 elementor-widget elementor-widget-heading\" data-id=\"18d3945\" data-element_type=\"widget\" data-e-type=\"widget\" data-widget_type=\"heading.default\">\n\t\t\t\t<div class=\"elementor-widget-container\">\n\t\t\t\t\t<h4 class=\"elementor-heading-title elementor-size-default\">Ticket service &amp; Administration<\/h4>\t\t\t\t<\/div>\n\t\t\t\t<\/div>\n\t\t\t\t<div class=\"elementor-element elementor-element-c4f40bc elementor-widget elementor-widget-accordion\" data-id=\"c4f40bc\" data-element_type=\"widget\" data-e-type=\"widget\" data-widget_type=\"accordion.default\">\n\t\t\t\t<div class=\"elementor-widget-container\">\n\t\t\t\t\t\t\t<div class=\"elementor-accordion\">\n\t\t\t\t\t\t\t<div class=\"elementor-accordion-item\">\n\t\t\t\t\t<div id=\"elementor-tab-title-2061\" class=\"elementor-tab-title\" data-tab=\"1\" role=\"button\" aria-controls=\"elementor-tab-content-2061\" aria-expanded=\"false\">\n\t\t\t\t\t\t\t\t\t\t\t\t\t<span class=\"elementor-accordion-icon elementor-accordion-icon-left\" aria-hidden=\"true\">\n\t\t\t\t\t\t\t\t\t\t\t\t\t\t\t<span class=\"elementor-accordion-icon-closed\"><svg class=\"e-font-icon-svg e-fas-plus\" viewBox=\"0 0 448 512\" xmlns=\"http:\/\/www.w3.org\/2000\/svg\"><path d=\"M416 208H272V64c0-17.67-14.33-32-32-32h-32c-17.67 0-32 14.33-32 32v144H32c-17.67 0-32 14.33-32 32v32c0 17.67 14.33 32 32 32h144v144c0 17.67 14.33 32 32 32h32c17.67 0 32-14.33 32-32V304h144c17.67 0 32-14.33 32-32v-32c0-17.67-14.33-32-32-32z\"><\/path><\/svg><\/span>\n\t\t\t\t\t\t\t\t<span class=\"elementor-accordion-icon-opened\"><svg class=\"e-font-icon-svg e-fas-minus\" viewBox=\"0 0 448 512\" xmlns=\"http:\/\/www.w3.org\/2000\/svg\"><path d=\"M416 208H32c-17.67 0-32 14.33-32 32v32c0 17.67 14.33 32 32 32h384c17.67 0 32-14.33 32-32v-32c0-17.67-14.33-32-32-32z\"><\/path><\/svg><\/span>\n\t\t\t\t\t\t\t\t\t\t\t\t\t\t<\/span>\n\t\t\t\t\t\t\t\t\t\t\t\t<a class=\"elementor-accordion-title\" tabindex=\"0\">Ticket service-Team<\/a>\n\t\t\t\t\t<\/div>\n\t\t\t\t\t<div id=\"elementor-tab-content-2061\" class=\"elementor-tab-content elementor-clearfix\" data-tab=\"1\" role=\"region\" aria-labelledby=\"elementor-tab-title-2061\"><p><img data-dominant-color=\"8e7f84\" data-has-transparency=\"false\" style=\"--dominant-color: #8e7f84;\" loading=\"lazy\" decoding=\"async\" class=\"alignleft wp-image-10638 size-medium not-transparent\" src=\"https:\/\/www.salzburgeradventsingen.at\/wp-content\/uploads\/2024\/07\/Bild_2024-07-22_075609813-252x300.png\" alt=\"\" width=\"252\" height=\"300\" srcset=\"https:\/\/www.salzburgeradventsingen.at\/wp-content\/uploads\/2024\/07\/Bild_2024-07-22_075609813-252x300.png 252w, https:\/\/www.salzburgeradventsingen.at\/wp-content\/uploads\/2024\/07\/Bild_2024-07-22_075609813.png 752w\" sizes=\"(max-width: 252px) 100vw, 252px\" \/><strong>Das Ticketservice-Team<\/strong><\/p>\n<p>led by Gertraud Ainz does a fantastic job every year. Always polite and courteous, they strive to fulfill all the wishes of the approximately 36,000 visitors who attend the Advent singing event each year. A recent visitor survey attests to the ticket service team&#8217;s extremely high satisfaction ratings!<\/p>\n<p>From left to right: Gertraud Ainz, Regina Str\u00fcbler<\/p>\n<\/div>\n\t\t\t\t<\/div>\n\t\t\t\t\t\t\t<div class=\"elementor-accordion-item\">\n\t\t\t\t\t<div id=\"elementor-tab-title-2062\" class=\"elementor-tab-title\" data-tab=\"2\" role=\"button\" aria-controls=\"elementor-tab-content-2062\" aria-expanded=\"false\">\n\t\t\t\t\t\t\t\t\t\t\t\t\t<span class=\"elementor-accordion-icon elementor-accordion-icon-left\" aria-hidden=\"true\">\n\t\t\t\t\t\t\t\t\t\t\t\t\t\t\t<span class=\"elementor-accordion-icon-closed\"><svg class=\"e-font-icon-svg e-fas-plus\" viewBox=\"0 0 448 512\" xmlns=\"http:\/\/www.w3.org\/2000\/svg\"><path d=\"M416 208H272V64c0-17.67-14.33-32-32-32h-32c-17.67 0-32 14.33-32 32v144H32c-17.67 0-32 14.33-32 32v32c0 17.67 14.33 32 32 32h144v144c0 17.67 14.33 32 32 32h32c17.67 0 32-14.33 32-32V304h144c17.67 0 32-14.33 32-32v-32c0-17.67-14.33-32-32-32z\"><\/path><\/svg><\/span>\n\t\t\t\t\t\t\t\t<span class=\"elementor-accordion-icon-opened\"><svg class=\"e-font-icon-svg e-fas-minus\" viewBox=\"0 0 448 512\" xmlns=\"http:\/\/www.w3.org\/2000\/svg\"><path d=\"M416 208H32c-17.67 0-32 14.33-32 32v32c0 17.67 14.33 32 32 32h384c17.67 0 32-14.33 32-32v-32c0-17.67-14.33-32-32-32z\"><\/path><\/svg><\/span>\n\t\t\t\t\t\t\t\t\t\t\t\t\t\t<\/span>\n\t\t\t\t\t\t\t\t\t\t\t\t<a class=\"elementor-accordion-title\" tabindex=\"0\">Administration<\/a>\n\t\t\t\t\t<\/div>\n\t\t\t\t\t<div id=\"elementor-tab-content-2062\" class=\"elementor-tab-content elementor-clearfix\" data-tab=\"2\" role=\"region\" aria-labelledby=\"elementor-tab-title-2062\"><p><strong>Stefan Sperr<\/strong><\/p>\n<p><img loading=\"lazy\" decoding=\"async\" class=\"alignleft wp-image-6633\" src=\"https:\/\/www.salzburgeradventsingen.at\/wp-content\/uploads\/stefan_1-e1649670673591-227x300.jpg\" alt=\"\" width=\"155\" height=\"205\" srcset=\"https:\/\/www.salzburgeradventsingen.at\/wp-content\/uploads\/stefan_1-e1649670673591-227x300.jpg 227w, https:\/\/www.salzburgeradventsingen.at\/wp-content\/uploads\/stefan_1-e1649670673591-774x1024.jpg 774w, https:\/\/www.salzburgeradventsingen.at\/wp-content\/uploads\/stefan_1-e1649670673591-768x1016.jpg 768w, https:\/\/www.salzburgeradventsingen.at\/wp-content\/uploads\/stefan_1-e1649670673591.jpg 1160w\" sizes=\"(max-width: 155px) 100vw, 155px\" \/>is responsible for accounting, controlling, and IT matters. His decades of experience in charge of this important administrative area and his financial expertise are of particular value to the Salzburg Advent Singing.<\/p>\n<\/div>\n\t\t\t\t<\/div>\n\t\t\t\t\t\t\t<div class=\"elementor-accordion-item\">\n\t\t\t\t\t<div id=\"elementor-tab-title-2063\" class=\"elementor-tab-title\" data-tab=\"3\" role=\"button\" aria-controls=\"elementor-tab-content-2063\" aria-expanded=\"false\">\n\t\t\t\t\t\t\t\t\t\t\t\t\t<span class=\"elementor-accordion-icon elementor-accordion-icon-left\" aria-hidden=\"true\">\n\t\t\t\t\t\t\t\t\t\t\t\t\t\t\t<span class=\"elementor-accordion-icon-closed\"><svg class=\"e-font-icon-svg e-fas-plus\" viewBox=\"0 0 448 512\" xmlns=\"http:\/\/www.w3.org\/2000\/svg\"><path d=\"M416 208H272V64c0-17.67-14.33-32-32-32h-32c-17.67 0-32 14.33-32 32v144H32c-17.67 0-32 14.33-32 32v32c0 17.67 14.33 32 32 32h144v144c0 17.67 14.33 32 32 32h32c17.67 0 32-14.33 32-32V304h144c17.67 0 32-14.33 32-32v-32c0-17.67-14.33-32-32-32z\"><\/path><\/svg><\/span>\n\t\t\t\t\t\t\t\t<span class=\"elementor-accordion-icon-opened\"><svg class=\"e-font-icon-svg e-fas-minus\" viewBox=\"0 0 448 512\" xmlns=\"http:\/\/www.w3.org\/2000\/svg\"><path d=\"M416 208H32c-17.67 0-32 14.33-32 32v32c0 17.67 14.33 32 32 32h384c17.67 0 32-14.33 32-32v-32c0-17.67-14.33-32-32-32z\"><\/path><\/svg><\/span>\n\t\t\t\t\t\t\t\t\t\t\t\t\t\t<\/span>\n\t\t\t\t\t\t\t\t\t\t\t\t<a class=\"elementor-accordion-title\" tabindex=\"0\">Event management<\/a>\n\t\t\t\t\t<\/div>\n\t\t\t\t\t<div id=\"elementor-tab-content-2063\" class=\"elementor-tab-content elementor-clearfix\" data-tab=\"3\" role=\"region\" aria-labelledby=\"elementor-tab-title-2063\"><p><img loading=\"lazy\" decoding=\"async\" class=\"alignleft wp-image-7548 size-medium\" src=\"https:\/\/www.salzburgeradventsingen.at\/wp-content\/uploads\/Hans-Koehl-8-7-200x300.jpg\" alt=\"\" width=\"200\" height=\"300\" srcset=\"https:\/\/www.salzburgeradventsingen.at\/wp-content\/uploads\/Hans-Koehl-8-7-200x300.jpg 200w, https:\/\/www.salzburgeradventsingen.at\/wp-content\/uploads\/Hans-Koehl-8-7-682x1024.jpg 682w, https:\/\/www.salzburgeradventsingen.at\/wp-content\/uploads\/Hans-Koehl-8-7-768x1152.jpg 768w, https:\/\/www.salzburgeradventsingen.at\/wp-content\/uploads\/Hans-Koehl-8-7-1024x1536.jpg 1024w, https:\/\/www.salzburgeradventsingen.at\/wp-content\/uploads\/Hans-Koehl-8-7-1365x2048.jpg 1365w, https:\/\/www.salzburgeradventsingen.at\/wp-content\/uploads\/Hans-Koehl-8-7-scaled.jpg 1706w\" sizes=\"(max-width: 200px) 100vw, 200px\" \/><\/p>\n<p><strong>Hans K\u00f6hl<\/strong><\/p>\n<p>has been the artistic director of the Salzburg Advent Singing since the turn of the millennium. As the managing director of the organizer \u201cKulturwerk Salzburg,\u201d he is responsible for coordinating all aspects of this successful cultural event.<\/p>\n<\/div>\n\t\t\t\t<\/div>\n\t\t\t\t\t\t\t<div class=\"elementor-accordion-item\">\n\t\t\t\t\t<div id=\"elementor-tab-title-2064\" class=\"elementor-tab-title\" data-tab=\"4\" role=\"button\" aria-controls=\"elementor-tab-content-2064\" aria-expanded=\"false\">\n\t\t\t\t\t\t\t\t\t\t\t\t\t<span class=\"elementor-accordion-icon elementor-accordion-icon-left\" aria-hidden=\"true\">\n\t\t\t\t\t\t\t\t\t\t\t\t\t\t\t<span class=\"elementor-accordion-icon-closed\"><svg class=\"e-font-icon-svg e-fas-plus\" viewBox=\"0 0 448 512\" xmlns=\"http:\/\/www.w3.org\/2000\/svg\"><path d=\"M416 208H272V64c0-17.67-14.33-32-32-32h-32c-17.67 0-32 14.33-32 32v144H32c-17.67 0-32 14.33-32 32v32c0 17.67 14.33 32 32 32h144v144c0 17.67 14.33 32 32 32h32c17.67 0 32-14.33 32-32V304h144c17.67 0 32-14.33 32-32v-32c0-17.67-14.33-32-32-32z\"><\/path><\/svg><\/span>\n\t\t\t\t\t\t\t\t<span class=\"elementor-accordion-icon-opened\"><svg class=\"e-font-icon-svg e-fas-minus\" viewBox=\"0 0 448 512\" xmlns=\"http:\/\/www.w3.org\/2000\/svg\"><path d=\"M416 208H32c-17.67 0-32 14.33-32 32v32c0 17.67 14.33 32 32 32h384c17.67 0 32-14.33 32-32v-32c0-17.67-14.33-32-32-32z\"><\/path><\/svg><\/span>\n\t\t\t\t\t\t\t\t\t\t\t\t\t\t<\/span>\n\t\t\t\t\t\t\t\t\t\t\t\t<a class=\"elementor-accordion-title\" tabindex=\"0\">Organizer<\/a>\n\t\t\t\t\t<\/div>\n\t\t\t\t\t<div id=\"elementor-tab-content-2064\" class=\"elementor-tab-content elementor-clearfix\" data-tab=\"4\" role=\"region\" aria-labelledby=\"elementor-tab-title-2064\"><p><img loading=\"lazy\" decoding=\"async\" class=\"alignnone size-medium wp-image-7553\" src=\"https:\/\/www.salzburgeradventsingen.at\/wp-content\/uploads\/KW_Logo_GmbH-300x118.jpg\" alt=\"\" width=\"300\" height=\"118\" srcset=\"https:\/\/www.salzburgeradventsingen.at\/wp-content\/uploads\/KW_Logo_GmbH-300x118.jpg 300w, https:\/\/www.salzburgeradventsingen.at\/wp-content\/uploads\/KW_Logo_GmbH-1024x402.jpg 1024w, https:\/\/www.salzburgeradventsingen.at\/wp-content\/uploads\/KW_Logo_GmbH-768x302.jpg 768w, https:\/\/www.salzburgeradventsingen.at\/wp-content\/uploads\/KW_Logo_GmbH-1536x603.jpg 1536w, https:\/\/www.salzburgeradventsingen.at\/wp-content\/uploads\/KW_Logo_GmbH.jpg 1652w\" sizes=\"(max-width: 300px) 100vw, 300px\" \/><\/p>\n<p>Residenzplatz 9<br \/>A &#8211; 5010 Salzburg<\/p>\n<p>\u00a0<\/p>\n<\/div>\n\t\t\t\t<\/div>\n\t\t\t\t\t\t\t\t<\/div>\n\t\t\t\t\t\t<\/div>\n\t\t\t\t<\/div>\n\t\t\t\t\t<\/div>\n\t\t<\/div>\n\t\t\t\t\t<\/div>\n\t\t<\/section>\n\t\t\t\t<\/div>\n\t\t","protected":false},"excerpt":{"rendered":"<p>The Salzburg Advent Singing 2026 \u201cThe Great Secret\u201d<\/p>\n","protected":false},"author":5,"featured_media":12213,"comment_status":"closed","ping_status":"closed","sticky":false,"template":"","format":"standard","meta":{"_acf_changed":false,"footnotes":""},"categories":[148],"tags":[],"class_list":["post-12612","post","type-post","status-publish","format-standard","has-post-thumbnail","hentry","category-productions"],"acf":[],"_links":{"self":[{"href":"https:\/\/www.salzburgeradventsingen.at\/en\/wp-json\/wp\/v2\/posts\/12612","targetHints":{"allow":["GET"]}}],"collection":[{"href":"https:\/\/www.salzburgeradventsingen.at\/en\/wp-json\/wp\/v2\/posts"}],"about":[{"href":"https:\/\/www.salzburgeradventsingen.at\/en\/wp-json\/wp\/v2\/types\/post"}],"author":[{"embeddable":true,"href":"https:\/\/www.salzburgeradventsingen.at\/en\/wp-json\/wp\/v2\/users\/5"}],"replies":[{"embeddable":true,"href":"https:\/\/www.salzburgeradventsingen.at\/en\/wp-json\/wp\/v2\/comments?post=12612"}],"version-history":[{"count":2,"href":"https:\/\/www.salzburgeradventsingen.at\/en\/wp-json\/wp\/v2\/posts\/12612\/revisions"}],"predecessor-version":[{"id":12634,"href":"https:\/\/www.salzburgeradventsingen.at\/en\/wp-json\/wp\/v2\/posts\/12612\/revisions\/12634"}],"wp:featuredmedia":[{"embeddable":true,"href":"https:\/\/www.salzburgeradventsingen.at\/en\/wp-json\/wp\/v2\/media\/12213"}],"wp:attachment":[{"href":"https:\/\/www.salzburgeradventsingen.at\/en\/wp-json\/wp\/v2\/media?parent=12612"}],"wp:term":[{"taxonomy":"category","embeddable":true,"href":"https:\/\/www.salzburgeradventsingen.at\/en\/wp-json\/wp\/v2\/categories?post=12612"},{"taxonomy":"post_tag","embeddable":true,"href":"https:\/\/www.salzburgeradventsingen.at\/en\/wp-json\/wp\/v2\/tags?post=12612"}],"curies":[{"name":"wp","href":"https:\/\/api.w.org\/{rel}","templated":true}]}}